{"id":47127,"date":"2025-08-24T22:36:10","date_gmt":"2025-08-24T22:36:10","guid":{"rendered":"https:\/\/defrentealaverdad.com\/?p=47127"},"modified":"2025-08-24T22:36:10","modified_gmt":"2025-08-24T22:36:10","slug":"nota-luctuosa-fallece-miguel-angel-martinez","status":"publish","type":"post","link":"https:\/\/defrentealaverdad.com\/index.php\/2025\/08\/24\/nota-luctuosa-fallece-miguel-angel-martinez\/","title":{"rendered":"Nota Luctuosa: Fallece Miguel \u00c1ngel Mart\u00ednez"},"content":{"rendered":"<p style=\"text-align: justify;\">Santo Domingo Este, R.D. \u2013 Falleci\u00f3 en la madrugada de hoy el actor dominicano Miguel \u00c1ngel Mart\u00ednez, en su residencia ubicada en el sector Villa Progreso del Este, Los Trinitarios II, de este municipio.<\/p>\n<p style=\"text-align: justify;\">La informaci\u00f3n fue confirmada por el se\u00f1or V\u00edctor P\u00e9rez, presidente de la Junta de Vecinos, quien precis\u00f3 que hasta el momento se desconocen las causas del deceso. El cuerpo permanece en su hogar a la espera de las autoridades competentes.<\/p>\n<p style=\"text-align: justify;\">Miguel \u00c1ngel Mart\u00ednez fue reconocido por su trayectoria art\u00edstica en la televisi\u00f3n, el teatro y el cine dominicano, donde dej\u00f3 una huella en la cultura nacional.<\/p>\n<blockquote>\n<p style=\"text-align: center;\">Paz a su alma.<\/p>\n<\/blockquote>\n","protected":false},"excerpt":{"rendered":"<p>Santo Domingo Este, R.D. \u2013 Falleci\u00f3 en la madrugada de hoy el actor dominicano Miguel<\/p>\n","protected":false},"author":1,"featured_media":47128,"comment_status":"open","ping_status":"open","sticky":false,"template":"","format":"standard","meta":{"footnotes":""},"categories":[7],"tags":[],"class_list":["post-47127","post","type-post","status-publish","format-standard","has-post-thumbnail","hentry","category-nacionales"],"_links":{"self":[{"href":"https:\/\/defrentealaverdad.com\/index.php\/wp-json\/wp\/v2\/posts\/47127","targetHints":{"allow":["GET"]}}],"collection":[{"href":"https:\/\/defrentealaverdad.com\/index.php\/wp-json\/wp\/v2\/posts"}],"about":[{"href":"https:\/\/defrentealaverdad.com\/index.php\/wp-json\/wp\/v2\/types\/post"}],"author":[{"embeddable":true,"href":"https:\/\/defrentealaverdad.com\/index.php\/wp-json\/wp\/v2\/users\/1"}],"replies":[{"embeddable":true,"href":"https:\/\/defrentealaverdad.com\/index.php\/wp-json\/wp\/v2\/comments?post=47127"}],"version-history":[{"count":1,"href":"https:\/\/defrentealaverdad.com\/index.php\/wp-json\/wp\/v2\/posts\/47127\/revisions"}],"predecessor-version":[{"id":47129,"href":"https:\/\/defrentealaverdad.com\/index.php\/wp-json\/wp\/v2\/posts\/47127\/revisions\/47129"}],"wp:featuredmedia":[{"embeddable":true,"href":"https:\/\/defrentealaverdad.com\/index.php\/wp-json\/wp\/v2\/media\/47128"}],"wp:attachment":[{"href":"https:\/\/defrentealaverdad.com\/index.php\/wp-json\/wp\/v2\/media?parent=47127"}],"wp:term":[{"taxonomy":"category","embeddable":true,"href":"https:\/\/defrentealaverdad.com\/index.php\/wp-json\/wp\/v2\/categories?post=47127"},{"taxonomy":"post_tag","embeddable":true,"href":"https:\/\/defrentealaverdad.com\/index.php\/wp-json\/wp\/v2\/tags?post=47127"}],"curies":[{"name":"wp","href":"https:\/\/api.w.org\/{rel}","templated":true}]}}