{"id":4710,"date":"2023-04-29T14:15:00","date_gmt":"2023-04-29T14:15:00","guid":{"rendered":"https:\/\/defrentealaverdad.com\/?p=4710"},"modified":"2023-05-02T14:17:09","modified_gmt":"2023-05-02T14:17:09","slug":"milagros-mendez-es-premiada-como-locutor-del-ano-en-premios-ciudad-corazon","status":"publish","type":"post","link":"https:\/\/defrentealaverdad.com\/index.php\/2023\/04\/29\/milagros-mendez-es-premiada-como-locutor-del-ano-en-premios-ciudad-corazon\/","title":{"rendered":"Milagros M\u00e9ndez es premiada como Locutor del A\u00f1o en Premios Ciudad Coraz\u00f3n"},"content":{"rendered":"<p style=\"text-align: justify;\"><img decoding=\"async\" class=\"alignnone size-medium wp-image-4711 lazyload\" data-src=\"https:\/\/defrentealaverdad.com\/wp-content\/uploads\/2023\/05\/WhatsApp-Image-2023-04-29-at-11.44.46-300x200.jpeg\" alt=\"\" width=\"300\" height=\"200\" data-srcset=\"https:\/\/defrentealaverdad.com\/wp-content\/uploads\/2023\/05\/WhatsApp-Image-2023-04-29-at-11.44.46-300x200.jpeg 300w, https:\/\/defrentealaverdad.com\/wp-content\/uploads\/2023\/05\/WhatsApp-Image-2023-04-29-at-11.44.46-1024x683.jpeg 1024w, https:\/\/defrentealaverdad.com\/wp-content\/uploads\/2023\/05\/WhatsApp-Image-2023-04-29-at-11.44.46-768x512.jpeg 768w, https:\/\/defrentealaverdad.com\/wp-content\/uploads\/2023\/05\/WhatsApp-Image-2023-04-29-at-11.44.46-1536x1024.jpeg 1536w, https:\/\/defrentealaverdad.com\/wp-content\/uploads\/2023\/05\/WhatsApp-Image-2023-04-29-at-11.44.46.jpeg 1599w\" data-sizes=\"(max-width: 300px) 100vw, 300px\" src=\"data:image\/svg+xml;base64,PHN2ZyB3aWR0aD0iMSIgaGVpZ2h0PSIxIiB4bWxucz0iaHR0cDovL3d3dy53My5vcmcvMjAwMC9zdmciPjwvc3ZnPg==\" style=\"--smush-placeholder-width: 300px; --smush-placeholder-aspect-ratio: 300\/200;\" \/><\/p>\n<p style=\"text-align: justify;\">Santiago,RD. La periodista y locutora,<strong> Milagros M\u00e9ndez<\/strong>, fue reconocida con el premio a <strong>Locutor del A\u00f1o en la edici\u00f3n 2023 de Premios Ciudad Coraz\u00f3n.<\/strong><\/p>\n<p style=\"text-align: justify;\">La tambi\u00e9n productora de televisi\u00f3n recibi\u00f3 por parte de la Asociaci\u00f3n de Locutores de Santiago (ALS), dicha distinci\u00f3n que es considerada uno de los renglones m\u00e1s importantes de la gala y que fuera realizada desde la Sala de la Restauraci\u00f3n del Gran Teatro del Cibao.<\/p>\n<p><img decoding=\"async\" class=\"alignnone size-medium wp-image-4713 lazyload\" data-src=\"https:\/\/defrentealaverdad.com\/wp-content\/uploads\/2023\/05\/WhatsApp-Image-2023-04-29-at-11.44.46-1-300x200.jpeg\" alt=\"\" width=\"300\" height=\"200\" data-srcset=\"https:\/\/defrentealaverdad.com\/wp-content\/uploads\/2023\/05\/WhatsApp-Image-2023-04-29-at-11.44.46-1-300x200.jpeg 300w, https:\/\/defrentealaverdad.com\/wp-content\/uploads\/2023\/05\/WhatsApp-Image-2023-04-29-at-11.44.46-1-1024x683.jpeg 1024w, https:\/\/defrentealaverdad.com\/wp-content\/uploads\/2023\/05\/WhatsApp-Image-2023-04-29-at-11.44.46-1-768x512.jpeg 768w, https:\/\/defrentealaverdad.com\/wp-content\/uploads\/2023\/05\/WhatsApp-Image-2023-04-29-at-11.44.46-1-1536x1024.jpeg 1536w, https:\/\/defrentealaverdad.com\/wp-content\/uploads\/2023\/05\/WhatsApp-Image-2023-04-29-at-11.44.46-1.jpeg 1599w\" data-sizes=\"(max-width: 300px) 100vw, 300px\" src=\"data:image\/svg+xml;base64,PHN2ZyB3aWR0aD0iMSIgaGVpZ2h0PSIxIiB4bWxucz0iaHR0cDovL3d3dy53My5vcmcvMjAwMC9zdmciPjwvc3ZnPg==\" style=\"--smush-placeholder-width: 300px; --smush-placeholder-aspect-ratio: 300\/200;\" \/><\/p>\n<p style=\"text-align: justify;\"><em>\u00abQuiero dedicar este premio a mis hijas, Ada Isabel y Camila Mar\u00eda, quienes son mi motor e inspiraci\u00f3n. Agradecer a mis mentores y maestros porque hoy soy el resultado de lo que ellos me ense\u00f1aron\u00bb,<\/em> expres\u00f3.<\/p>\n<p style=\"text-align: justify;\">M\u00e9ndez, quien ha sido nominada en dos ocasiones a Premio Soberano, aprovech\u00f3 la ocasi\u00f3n para agradecer a quienes le han abierto las puertas en la industria <em>\u00abdoy las gracias a cada uno de los talentos, agencias y productoras de audio por haberme dado una brecha, una oportunidad y permitirme grabar para cualquier marca\u00bb.<\/em><\/p>\n<p style=\"text-align: justify;\">Destac\u00f3 en su mensaje de aceptaci\u00f3n del premio el gran trabajo realizado por el equipo t\u00e9cnico y el de la directiva de la ALS, encabezada por su presidente, Pablo Marte -El Negro Peter-, para llevar a cabo la premiaci\u00f3n m\u00e1s importante de la clase locutoril de Santiago y todo el Cibao.<\/p>\n<p style=\"text-align: justify;\">Adem\u00e1s de resultar ganadora, fungi\u00f3 como voz en off de la ceremonia.<\/p>\n<p><img decoding=\"async\" class=\"alignnone size-medium wp-image-4712 lazyload\" data-src=\"https:\/\/defrentealaverdad.com\/wp-content\/uploads\/2023\/05\/WhatsApp-Image-2023-04-29-at-11.44.46-2-300x200.jpeg\" alt=\"\" width=\"300\" height=\"200\" data-srcset=\"https:\/\/defrentealaverdad.com\/wp-content\/uploads\/2023\/05\/WhatsApp-Image-2023-04-29-at-11.44.46-2-300x200.jpeg 300w, https:\/\/defrentealaverdad.com\/wp-content\/uploads\/2023\/05\/WhatsApp-Image-2023-04-29-at-11.44.46-2-1024x683.jpeg 1024w, https:\/\/defrentealaverdad.com\/wp-content\/uploads\/2023\/05\/WhatsApp-Image-2023-04-29-at-11.44.46-2-768x512.jpeg 768w, https:\/\/defrentealaverdad.com\/wp-content\/uploads\/2023\/05\/WhatsApp-Image-2023-04-29-at-11.44.46-2-1536x1024.jpeg 1536w, https:\/\/defrentealaverdad.com\/wp-content\/uploads\/2023\/05\/WhatsApp-Image-2023-04-29-at-11.44.46-2.jpeg 1599w\" data-sizes=\"(max-width: 300px) 100vw, 300px\" src=\"data:image\/svg+xml;base64,PHN2ZyB3aWR0aD0iMSIgaGVpZ2h0PSIxIiB4bWxucz0iaHR0cDovL3d3dy53My5vcmcvMjAwMC9zdmciPjwvc3ZnPg==\" style=\"--smush-placeholder-width: 300px; --smush-placeholder-aspect-ratio: 300\/200;\" \/><\/p>\n<p>Fuente: Prensa ALS<\/p>\n","protected":false},"excerpt":{"rendered":"<p>Santiago,RD. La periodista y locutora, Milagros M\u00e9ndez, fue reconocida con el premio a Locutor del<\/p>\n","protected":false},"author":2,"featured_media":0,"comment_status":"open","ping_status":"open","sticky":false,"template":"","format":"standard","meta":{"footnotes":""},"categories":[6,7],"tags":[],"class_list":["post-4710","post","type-post","status-publish","format-standard","hentry","category-espectaculos","category-nacionales"],"_links":{"self":[{"href":"https:\/\/defrentealaverdad.com\/index.php\/wp-json\/wp\/v2\/posts\/4710","targetHints":{"allow":["GET"]}}],"collection":[{"href":"https:\/\/defrentealaverdad.com\/index.php\/wp-json\/wp\/v2\/posts"}],"about":[{"href":"https:\/\/defrentealaverdad.com\/index.php\/wp-json\/wp\/v2\/types\/post"}],"author":[{"embeddable":true,"href":"https:\/\/defrentealaverdad.com\/index.php\/wp-json\/wp\/v2\/users\/2"}],"replies":[{"embeddable":true,"href":"https:\/\/defrentealaverdad.com\/index.php\/wp-json\/wp\/v2\/comments?post=4710"}],"version-history":[{"count":1,"href":"https:\/\/defrentealaverdad.com\/index.php\/wp-json\/wp\/v2\/posts\/4710\/revisions"}],"predecessor-version":[{"id":4714,"href":"https:\/\/defrentealaverdad.com\/index.php\/wp-json\/wp\/v2\/posts\/4710\/revisions\/4714"}],"wp:attachment":[{"href":"https:\/\/defrentealaverdad.com\/index.php\/wp-json\/wp\/v2\/media?parent=4710"}],"wp:term":[{"taxonomy":"category","embeddable":true,"href":"https:\/\/defrentealaverdad.com\/index.php\/wp-json\/wp\/v2\/categories?post=4710"},{"taxonomy":"post_tag","embeddable":true,"href":"https:\/\/defrentealaverdad.com\/index.php\/wp-json\/wp\/v2\/tags?post=4710"}],"curies":[{"name":"wp","href":"https:\/\/api.w.org\/{rel}","templated":true}]}}