{"id":47093,"date":"2025-08-24T21:35:35","date_gmt":"2025-08-24T21:35:35","guid":{"rendered":"https:\/\/defrentealaverdad.com\/?p=47093"},"modified":"2025-08-24T21:35:35","modified_gmt":"2025-08-24T21:35:35","slug":"victoria-bramtot-eleva-la-bandera-dominicana-en-el-gka-youth-big-air-kite-world-championship-en-alemania","status":"publish","type":"post","link":"https:\/\/defrentealaverdad.com\/index.php\/2025\/08\/24\/victoria-bramtot-eleva-la-bandera-dominicana-en-el-gka-youth-big-air-kite-world-championship-en-alemania\/","title":{"rendered":"Victoria Bramtot eleva la bandera dominicana en el GKA Youth Big Air Kite World Championship en Alemania"},"content":{"rendered":"<p style=\"text-align: justify;\">Sankt Peter-Ording, Alemania. \u2013 La adolescente dominicana Victoria Bramtot, campeona nacional de kitesurf, se encuentra representando con orgullo a la Rep\u00fablica Dominicana en el GKA Youth Big Air Kite World Championship, un evento hist\u00f3rico que se celebra del 20 al 24 de agosto de 2025 en la playa de Sankt Peter-Ording, Alemania, considerado uno de los escenarios m\u00e1s importantes del kitesurf a nivel mundial.<\/p>\n<p style=\"text-align: justify;\">Este torneo, organizado por la Global Kitesports Association (GKA) a trav\u00e9s de su Youth World Tour, marca la primera edici\u00f3n del campeonato mundial juvenil de la disciplina Twin-Tip Big Air, reuniendo a los mejores talentos del planeta en las categor\u00edas U14, U16 y U19, tanto en masculino como en femenino. Este a\u00f1o participan m\u00e1s de 50 atletas, entre ellos 49 chicos y 7 chicas, cifra que demuestra el creciente inter\u00e9s global por este deporte.<\/p>\n<p style=\"text-align: justify;\"><strong>Una embajadora del kitesurf dominicano<\/strong><\/p>\n<p style=\"text-align: justify;\">Victoria Bramtot compite en la categor\u00eda U19 femenina, consolid\u00e1ndose como la \u00fanica representante de Rep\u00fablica Dominicana en el certamen. Su presencia no solo demuestra su talento y dedicaci\u00f3n, sino que tambi\u00e9n coloca al pa\u00eds caribe\u00f1o en el mapa internacional del kitesurf juvenil.<\/p>\n<p style=\"text-align: justify;\">Con una trayectoria marcada por t\u00edtulos nacionales y una disciplina incansable en los entrenamientos, Bramtot se ha convertido en un referente de la nueva generaci\u00f3n de atletas dominicanos. Para ella, competir en Alemania no es solo un reto deportivo, sino tambi\u00e9n una oportunidad de mostrar al mundo el potencial que tienen los j\u00f3venes dominicanos en deportes acu\u00e1ticos.<\/p>\n<p><strong>M\u00e1s all\u00e1 de la competencia<\/strong><\/p>\n<p style=\"text-align: justify;\">El campeonato no se limita \u00fanicamente a la espectacularidad de las maniobras en el aire. Los jueces eval\u00faan cada salto con criterios de altura, dificultad t\u00e9cnica, estilo y precisi\u00f3n en los aterrizajes, premiando a los competidores que logran dominar el viento con creatividad y elegancia. Adem\u00e1s, el evento incorpora una agenda educativa con talleres sobre sostenibilidad, \u00e9tica deportiva y preservaci\u00f3n ambiental, debido a que se desarrolla en el entorno protegido del Parque Nacional del Mar de Wadden, patrimonio natural de Alemania.<\/p>\n<p style=\"text-align: justify;\">Esta combinaci\u00f3n de deporte y formaci\u00f3n convierte al campeonato en una verdadera plataforma de crecimiento integral, donde se fomenta no solo la competencia, sino tambi\u00e9n la amistad, el respeto y la conciencia ambiental entre los participantes.<\/p>\n<p><strong>El escenario internacional<\/strong><\/p>\n<p style=\"text-align: justify;\">Sankt Peter-Ording, en el norte de Alemania, es reconocido como un para\u00edso para el kitesurf, famoso por sus extensas playas, fuertes vientos y por albergar eventos de talla mundial. Durante esta semana, la zona recibe a miles de visitantes, atletas y aficionados que disfrutan no solo de la competencia, sino tambi\u00e9n de exposiciones, ferias de cometas y actividades paralelas como el California Kitesurf Masters, consolidando la cita como una de las m\u00e1s importantes del calendario internacional.<\/p>\n<p><strong>Orgullo<\/strong> y <strong>motivaci\u00f3n para la juventud<\/strong><\/p>\n<p style=\"text-align: justify;\">La participaci\u00f3n de Victoria Bramtot inspira a decenas de j\u00f3venes en Rep\u00fablica Dominicana que ven en el kitesurf una v\u00eda de superaci\u00f3n y disciplina deportiva. Su ejemplo demuestra que con esfuerzo y determinaci\u00f3n es posible llegar a escenarios internacionales y competir de t\u00fa a t\u00fa con atletas de pa\u00edses con gran tradici\u00f3n en este deporte.<\/p>\n<p style=\"text-align: justify;\"><strong>Detalles del campeonato<\/strong><\/p>\n<p style=\"text-align: justify;\">\u00a0\u2022 Evento: GKA Youth Big Air Kite World Championship<\/p>\n<p style=\"text-align: justify;\">\u00a0\u2022 Lugar: Playa de Sankt Peter-Ording, Alemania<\/p>\n<p style=\"text-align: justify;\">\u00a0\u2022 Fechas: 20 al 24 de agosto de 2025<\/p>\n<p style=\"text-align: justify;\">\u00a0\u2022 Categor\u00edas: U14, U16 y U19 (masculino y femenino)<\/p>\n<p style=\"text-align: justify;\">\u00a0\u2022 Participaci\u00f3n: ~56 j\u00f3venes atletas (49 varones y 7 mujeres)<\/p>\n<p style=\"text-align: justify;\">\u00a0\u2022 Organizador: Global Kitesports Association (GKA)<\/p>\n<p style=\"text-align: justify;\">Con cada salto, Victoria Bramtot reafirma su compromiso de llevar la bandera dominicana a lo m\u00e1s alto. Su participaci\u00f3n en Alemania representa un hito para el deporte nacional y un motivo de orgullo para todo el pa\u00eds, que sigue de cerca cada una de sus presentaciones en esta cita mundial.<\/p>\n<p>Fuente: Global Kitesports Association<\/p>\n","protected":false},"excerpt":{"rendered":"<p>Sankt Peter-Ording, Alemania. \u2013 La adolescente dominicana Victoria Bramtot, campeona nacional de kitesurf, se encuentra<\/p>\n","protected":false},"author":4,"featured_media":47094,"comment_status":"open","ping_status":"open","sticky":false,"template":"","format":"standard","meta":{"footnotes":""},"categories":[16],"tags":[],"class_list":["post-47093","post","type-post","status-publish","format-standard","has-post-thumbnail","hentry","category-internacionales"],"_links":{"self":[{"href":"https:\/\/defrentealaverdad.com\/index.php\/wp-json\/wp\/v2\/posts\/47093","targetHints":{"allow":["GET"]}}],"collection":[{"href":"https:\/\/defrentealaverdad.com\/index.php\/wp-json\/wp\/v2\/posts"}],"about":[{"href":"https:\/\/defrentealaverdad.com\/index.php\/wp-json\/wp\/v2\/types\/post"}],"author":[{"embeddable":true,"href":"https:\/\/defrentealaverdad.com\/index.php\/wp-json\/wp\/v2\/users\/4"}],"replies":[{"embeddable":true,"href":"https:\/\/defrentealaverdad.com\/index.php\/wp-json\/wp\/v2\/comments?post=47093"}],"version-history":[{"count":1,"href":"https:\/\/defrentealaverdad.com\/index.php\/wp-json\/wp\/v2\/posts\/47093\/revisions"}],"predecessor-version":[{"id":47095,"href":"https:\/\/defrentealaverdad.com\/index.php\/wp-json\/wp\/v2\/posts\/47093\/revisions\/47095"}],"wp:featuredmedia":[{"embeddable":true,"href":"https:\/\/defrentealaverdad.com\/index.php\/wp-json\/wp\/v2\/media\/47094"}],"wp:attachment":[{"href":"https:\/\/defrentealaverdad.com\/index.php\/wp-json\/wp\/v2\/media?parent=47093"}],"wp:term":[{"taxonomy":"category","embeddable":true,"href":"https:\/\/defrentealaverdad.com\/index.php\/wp-json\/wp\/v2\/categories?post=47093"},{"taxonomy":"post_tag","embeddable":true,"href":"https:\/\/defrentealaverdad.com\/index.php\/wp-json\/wp\/v2\/tags?post=47093"}],"curies":[{"name":"wp","href":"https:\/\/api.w.org\/{rel}","templated":true}]}}