{"id":47056,"date":"2025-08-24T19:46:34","date_gmt":"2025-08-24T19:46:34","guid":{"rendered":"https:\/\/defrentealaverdad.com\/?p=47056"},"modified":"2025-08-24T19:46:34","modified_gmt":"2025-08-24T19:46:34","slug":"comision-electoral-ratifica-exclusion-de-guzman-beato","status":"publish","type":"post","link":"https:\/\/defrentealaverdad.com\/index.php\/2025\/08\/24\/comision-electoral-ratifica-exclusion-de-guzman-beato\/","title":{"rendered":"Comisi\u00f3n Electoral ratifica exclusi\u00f3n de Guzm\u00e1n Beato"},"content":{"rendered":"<blockquote>\n<p style=\"text-align: center;\">Tres planchas compiten para dirigir el Colegio de Periodistas en el DN<\/p>\n<\/blockquote>\n<p style=\"text-align: justify;\">La Comisi\u00f3n Nacional Electoral (CNE) del Colegio Dominicano de Periodistas (CDP) inform\u00f3 que fue aceptada la tercera plancha para optar por la direcci\u00f3n de la seccional del Distrito Nacional, que tiene como candidato a la secretaria general el periodista Francisco Marte.<\/p>\n<p style=\"text-align: justify;\">Los dem\u00e1s candidatos en la plancha son Francia Carela, en Organizaci\u00f3n; Anabel Nu\u00f1ez, Finanzas; Juan Carlos Mej\u00eda, Educaci\u00f3n; Julisa Morel Comunicaci\u00f3n; Logan Jim\u00e9nez, secretario de Actas, y Jenny Santana como vocal. Fue presentada como parte de la candidatura que coordina Aurelio Henriquez, actual presidente del colegio, y que present\u00f3 al inhabilitado candidato a la presidencia del CDP Jose Guzm\u00e1n Beato.<\/p>\n<p style=\"text-align: justify;\">La CNE explic\u00f3 que la boleta para la elecci\u00f3n en el Distrito Nacional incluye todas las planchas aprobadas y el elector debe marcar el cuadro que expresa su preferencia por la que ha escogido.<\/p>\n<p style=\"text-align: justify;\">La comisi\u00f3n, adem\u00e1s, ratific\u00f3 la decisi\u00f3n que \u201cinhabilitada la candidatura del se\u00f1or Jos\u00e9 Altagracia Guzm\u00e1n Beato\u201d para la Presidencia de la instituci\u00f3n y record\u00f3 al presidente del colegio y coordinador de esa plancha, Aurelio Henr\u00edquez, que el reglamento electoral establece que las decisiones de la Comisi\u00f3n Electoral (CNE) son inapelables.<\/p>\n<p style=\"text-align: justify;\">La resoluci\u00f3n No.5 es una reacci\u00f3n a la carta en la Henr\u00edquez, presidente del CDP y coordinador de la plancha que encabeza Guzm\u00e1n Beato, advierte a la Comisi\u00f3n Electoral que no est\u00e1 facultada para revisar el expediente que avala la condici\u00f3n de miembros de quienes aspiran a dirigir la organizaci\u00f3n.<\/p>\n<p style=\"text-align: justify;\">La declaraci\u00f3n de la CNE, adem\u00e1s, lamenta que su decisi\u00f3n haya sido llevada al Tribunal Superior Administrativo como un caso de \u201cAcci\u00f3n Constitucional de Amparo de Extrema Urgencia\u201d, antes apelar a la CNE, una iniciativa que adem\u00e1s no fue notificada formalmente a la Comisi\u00f3n, y solo uno de sus miembros fue informado.<\/p>\n<p style=\"text-align: justify;\">La nota de la CNE explica que los abogados que representar\u00edan a cuatro de los cinco integrantes de la CNE si el caso llegaba a los tribunales de justicia, alertados por una informaci\u00f3n divulgada en un diario digital sobre una posible audiencia para este caso, revisaron la agenda de todas las cortes a las que pod\u00eda referir el tema, y se presentaron, para evitar una sentencia en ausencia no justificada. La vista fue reenviada.<\/p>\n<p style=\"text-align: justify;\">La CNE se\u00f1ala que los normas del colegio establecen que durante el per\u00edodo electoral los \u00f3rganos ordinarios \u201ccesan en sus funciones activas\u201d y queda la CNE, \u201celegida por la Asamblea General, m\u00e1ximo organismo de la instituci\u00f3n, raz\u00f3n por la cual tiene la responsabilidad de verificar la elegibilidad de los candidatos y la validez de las planchas sometidas\u201d, como paso previo a su aprobaci\u00f3n.<\/p>\n<p style=\"text-align: justify;\">Por esto, explica, \u201ccorresponde a la Comisi\u00f3n Nacional Electoral organizar, dirigir y supervisar todo el proceso electoral del CDP, as\u00ed como garantizar su transparencia, legalidad y equidad, en aplicaci\u00f3n de los art\u00edculos 44 y 45 del Reglamento Interno\u201d.<\/p>\n<p style=\"text-align: justify;\">Para cumplir esta responsabilidad, la CNE revisa los expedientes depositados y por eso pudo verificar que \u201cJos\u00e9 Altagracia Guzm\u00e1n Beato, pretendido postulado como candidato a la Presidencia del CDP, no cumple con los requisitos de elegibilidad establecidos en la Ley 10-91 y las normas complementarias, lo cual invalida su pretensi\u00f3n de aspirar, derecho exclusivo para los miembros del CDP, que protege los derechos de los periodistas profesionales\u201d.<\/p>\n<p style=\"text-align: justify;\">Adem\u00e1s, destaca que su actuaci\u00f3n se apoya en la sentencia del Tribunal Constitucional (TC) que establece que \u201cel ejercicio del derecho de elegir y ser elegido en los gremios profesionales tiene su fundamento en disposiciones reglamentarias estatutarias\u201d, que son los que establecen las normas que gu\u00edan la elecci\u00f3n de sus directivos, que el caso del CDP.<\/p>\n<p style=\"text-align: justify;\">Directrices establecidas, dice la sentencia del TC, para \u201cgarantizar el establecimiento de una estructura democr\u00e1tica\u201d, que permita a sus miembros elegir una directiva para \u201cgarantizar el establecimiento de una estructura democr\u00e1tica\u201d, para que los gremios profesionales \u201cact\u00faen bajo los valores y principios constitucionales y legales que vayan acorde a la \u00e9tica profesional\u201d.<\/p>\n<p><strong>Plancha aprobadas para el 29 de agosto<\/strong><\/p>\n<p style=\"text-align: justify;\">La CNE dijo que ya han sido validadas dos planchas, la n\u00famero 1 la encabeza el periodista y profesor universitario Luis P\u00e9rez, y la n\u00famero 2 Gustavo Guzm\u00e1n, periodista titulado universitario. Fueron revisados los expedientes de todos sus miembros y cumplen con los requisitos establecidos, y algunos de ellos ingresaron con el transitorio que favoreci\u00f3 a quienes en 1991 no ten\u00eda t\u00edtulo universitario pero ya ejerc\u00edan la profesi\u00f3n.<\/p>\n<p style=\"text-align: justify;\">La plancha en la que participa Guzm\u00e1n Beato y coordina Aurelio Henr\u00edquez, presidente actual del CDP, tiene un plazo que se cumple a la media noche es este domingo 24 de agosto para sustituir al candidato a la presidencia. Las boletas ser\u00e1n enviadas a la imprenta el lunes 26 a las 9.00 de la ma\u00f1ana, para dar tiempo a la revisi\u00f3n del expediente del nuevo candidato, de la que ser\u00eda la plancha n\u00famero 3.<\/p>\n<p style=\"text-align: justify;\">La lista del CDP tiene m\u00e1s de 4700 miembros habilitados para votar. Adem\u00e1s de la filial del Distrito Nacional y la de Santiago, existen filiales en otras 23 en provincias y 5 en ciudades de Estados Unidos. En todas se han designado Comisiones Electorales Auxiliares para vigilar el proceso, en la que se escoge el Comit\u00e9 Ejecutivo y los dem\u00e1s \u00f3rganos del colegio, y las directivas de cada filial.<\/p>\n<p style=\"text-align: justify;\">En la pasada asamblea general que escogi\u00f3 la CNE, explica la comisi\u00f3n, los dirigentes del CDP informaron, igual que han hecho en anteriores asambleas, que la lista de miembros del colegio incluye m\u00e1s de 1,400 personas que no han completado su expediente, \u201cdato que obliga a la comisi\u00f3n a una confirmaci\u00f3n rigurosa del estatus de cada uno de los integrantes de las planchas que han solicitado su aprobaci\u00f3n\u201d.<\/p>\n<p>Fuente: Comisi\u00f3n Electoral CDP<\/p>\n","protected":false},"excerpt":{"rendered":"<p>Tres planchas compiten para dirigir el Colegio de Periodistas en el DN La Comisi\u00f3n Nacional<\/p>\n","protected":false},"author":1,"featured_media":47057,"comment_status":"open","ping_status":"open","sticky":false,"template":"","format":"standard","meta":{"footnotes":""},"categories":[7],"tags":[],"class_list":["post-47056","post","type-post","status-publish","format-standard","has-post-thumbnail","hentry","category-nacionales"],"_links":{"self":[{"href":"https:\/\/defrentealaverdad.com\/index.php\/wp-json\/wp\/v2\/posts\/47056","targetHints":{"allow":["GET"]}}],"collection":[{"href":"https:\/\/defrentealaverdad.com\/index.php\/wp-json\/wp\/v2\/posts"}],"about":[{"href":"https:\/\/defrentealaverdad.com\/index.php\/wp-json\/wp\/v2\/types\/post"}],"author":[{"embeddable":true,"href":"https:\/\/defrentealaverdad.com\/index.php\/wp-json\/wp\/v2\/users\/1"}],"replies":[{"embeddable":true,"href":"https:\/\/defrentealaverdad.com\/index.php\/wp-json\/wp\/v2\/comments?post=47056"}],"version-history":[{"count":1,"href":"https:\/\/defrentealaverdad.com\/index.php\/wp-json\/wp\/v2\/posts\/47056\/revisions"}],"predecessor-version":[{"id":47058,"href":"https:\/\/defrentealaverdad.com\/index.php\/wp-json\/wp\/v2\/posts\/47056\/revisions\/47058"}],"wp:featuredmedia":[{"embeddable":true,"href":"https:\/\/defrentealaverdad.com\/index.php\/wp-json\/wp\/v2\/media\/47057"}],"wp:attachment":[{"href":"https:\/\/defrentealaverdad.com\/index.php\/wp-json\/wp\/v2\/media?parent=47056"}],"wp:term":[{"taxonomy":"category","embeddable":true,"href":"https:\/\/defrentealaverdad.com\/index.php\/wp-json\/wp\/v2\/categories?post=47056"},{"taxonomy":"post_tag","embeddable":true,"href":"https:\/\/defrentealaverdad.com\/index.php\/wp-json\/wp\/v2\/tags?post=47056"}],"curies":[{"name":"wp","href":"https:\/\/api.w.org\/{rel}","templated":true}]}}