{"id":4705,"date":"2023-05-02T14:11:07","date_gmt":"2023-05-02T14:11:07","guid":{"rendered":"https:\/\/defrentealaverdad.com\/?p=4705"},"modified":"2023-05-02T14:12:18","modified_gmt":"2023-05-02T14:12:18","slug":"obras-publicas-dispondra-estudios-profundos-y-avanzados-sobre-estructuras-de-los-puentes-duarte-juan-bosch-sanchez-y-mella-del-gsd","status":"publish","type":"post","link":"https:\/\/defrentealaverdad.com\/index.php\/2023\/05\/02\/obras-publicas-dispondra-estudios-profundos-y-avanzados-sobre-estructuras-de-los-puentes-duarte-juan-bosch-sanchez-y-mella-del-gsd\/","title":{"rendered":"Obras P\u00fablicas dispondr\u00e1 estudios profundos y avanzados sobre estructuras de los puentes Duarte, Juan Bosch, S\u00e1nchez y Mella del GSD"},"content":{"rendered":"<p>Por Felix Rubio<\/p>\n<p><img decoding=\"async\" data-src=\"https:\/\/blogger.googleusercontent.com\/img\/b\/R29vZ2xl\/AVvXsEjfPtc2HzEnIylE3zfKc7s7A9ddbgISAnrLymjdHxw5WYMNJhXtMRortlm5id9YL2enqixs4TlDH96-BkWXd28NfoFMckEIKwmdo7eV_mytS7w01l1kX00Zg-eTKiZualF6gtdS6PvTtjXPj27pH2u4B6EQqma19FmzPl2eIRYq4Mb5C1KgP8gfva4V\/s320\/IMG-20230501-WA0115.jpg\" src=\"data:image\/svg+xml;base64,PHN2ZyB3aWR0aD0iMSIgaGVpZ2h0PSIxIiB4bWxucz0iaHR0cDovL3d3dy53My5vcmcvMjAwMC9zdmciPjwvc3ZnPg==\" class=\"lazyload\" \/><\/p>\n<p>El ministro de Obras P\u00fablicas y Comunicaciones, MOPC, ingeniero Deligne Ascensi\u00f3n, expres\u00f3 este lunes que debido a la antig\u00fcedad de construcci\u00f3n del puente Duarte (1955), el extraordinario crecimiento del tr\u00e1nsito en los \u00faltimos a\u00f1os, y los deterioros que ha presentado la obra en sus juntas, est\u00e1 disponiendo la contrataci\u00f3n de consultas m\u00e1s avanzadas y de fondo en toda su estructura.<\/p>\n<p>El puente Duarte fue reabierto luego de que en uno de sus carriles dos juntas de expansi\u00f3n presentaran aver\u00edas y desde el viernes en la noche la empresa contratista Proyectos Industriales, SA, PINSA. las estuvo reparando y entreg\u00f3 ayer domingo.<\/p>\n<p>Inform\u00f3 Ascensi\u00f3n que Obras P\u00fabicas design\u00f3 una comisi\u00f3n interna para que junto a Pinsa eval\u00faen las reparaciones hechas y las fichas t\u00e9cnicas, protocolos y calidad de materiales usados, etc., a fin de asegurar trabajos m\u00e1s duraderos en un puente que rinde importantes servicios a gran parte de la poblaci\u00f3n del municipio Santo Domingo Este, la regi\u00f3n este del pa\u00eds y a muchos otros ciudadanos.<\/p>\n<p>Agreg\u00f3 adem\u00e1s que durante la semana, Obras P\u00fablicas estar\u00e1 contactando a la Direcci\u00f3n General de Compras y Contrataciones P\u00fablicas para iniciar procesos de consultas m\u00e1s avanzadas e incluir la revisi\u00f3n de otros puentes como el Juan Bosch, el Ram\u00f3n Mat\u00edas Mella, el Francisco del Rosario S\u00e1nchez, de modo que el Ministerio pueda hacer una programaci\u00f3n que asegure el adecuado funcionamiento de los puentes de entrada y salida del Gran Santo Domingo.<\/p>\n<p>Ascensi\u00f3n dijo que esos puentes y otras obras p\u00fablicas que datan de un buen tiempo de construcci\u00f3n no han tenido adecuado mantenimiento ni se le han hecho reparaciones que han requerido para operar con la eficiencia que garantice de manera permanente la seguridad y el bienestar de sus usuarios.<\/p>\n<p><img decoding=\"async\" data-src=\"https:\/\/blogger.googleusercontent.com\/img\/b\/R29vZ2xl\/AVvXsEhUribytQls6ayGPjyQqeWsKQ4RMmb_Vxq2w6KDPnwFs_pcwllZmeXWcjnNIPIsZW7EmI34bMLrVQJruICXxMPI8W04fVm1c1FeXPx-p11NCRUpiA2n8FJ7QsaFyVTe3aWa9hBMRUnrFofF58BB8-lzYW6cvtc4gwJ-aRdw2z6cT7ap75082CfiVGno\/w320-h320\/IMG-20230501-WA0116.jpg\" src=\"data:image\/svg+xml;base64,PHN2ZyB3aWR0aD0iMSIgaGVpZ2h0PSIxIiB4bWxucz0iaHR0cDovL3d3dy53My5vcmcvMjAwMC9zdmciPjwvc3ZnPg==\" class=\"lazyload\" \/><\/p>\n<p>Dijo que Pinsa ha realizado otros trabajos satisfactorios para el ministerio, y que la empresa est\u00e1 consciente de que los problemas recurrentes del puente Duarte requieren nuevos y m\u00e1s profundos estudios \u201ca los que junto a sus aportes nos estamos abocando\u201d, explic\u00f3.<\/p>\n<p>Ascenci\u00f3n dijo que dados los problemas del Duarte ha empezado a realizar consultas con t\u00e9cnicos nacionales y no descarta que se incluya a expertos y firmas del exterior, pues lo importante es garantizar a los usuarios del puente toda la seguridad y comodidad en sus desplazamientos.<\/p>\n<p>Record\u00f3 que la obra tiene ya m\u00e1s de 68 a\u00f1os, se ha disparado considerablemente su uso en el transporte de cargas y de pasajeros, sobre todo en los \u00faltimos a\u00f1os.<\/p>\n<p>&nbsp;<\/p>\n<p>Fuente: Prensa MOPC<\/p>\n","protected":false},"excerpt":{"rendered":"<p>Por Felix Rubio El ministro de Obras P\u00fablicas y Comunicaciones, MOPC, ingeniero Deligne Ascensi\u00f3n, expres\u00f3<\/p>\n","protected":false},"author":1,"featured_media":0,"comment_status":"open","ping_status":"open","sticky":false,"template":"","format":"standard","meta":{"footnotes":""},"categories":[2,7],"tags":[],"class_list":["post-4705","post","type-post","status-publish","format-standard","hentry","category-economicas","category-nacionales"],"_links":{"self":[{"href":"https:\/\/defrentealaverdad.com\/index.php\/wp-json\/wp\/v2\/posts\/4705","targetHints":{"allow":["GET"]}}],"collection":[{"href":"https:\/\/defrentealaverdad.com\/index.php\/wp-json\/wp\/v2\/posts"}],"about":[{"href":"https:\/\/defrentealaverdad.com\/index.php\/wp-json\/wp\/v2\/types\/post"}],"author":[{"embeddable":true,"href":"https:\/\/defrentealaverdad.com\/index.php\/wp-json\/wp\/v2\/users\/1"}],"replies":[{"embeddable":true,"href":"https:\/\/defrentealaverdad.com\/index.php\/wp-json\/wp\/v2\/comments?post=4705"}],"version-history":[{"count":2,"href":"https:\/\/defrentealaverdad.com\/index.php\/wp-json\/wp\/v2\/posts\/4705\/revisions"}],"predecessor-version":[{"id":4707,"href":"https:\/\/defrentealaverdad.com\/index.php\/wp-json\/wp\/v2\/posts\/4705\/revisions\/4707"}],"wp:attachment":[{"href":"https:\/\/defrentealaverdad.com\/index.php\/wp-json\/wp\/v2\/media?parent=4705"}],"wp:term":[{"taxonomy":"category","embeddable":true,"href":"https:\/\/defrentealaverdad.com\/index.php\/wp-json\/wp\/v2\/categories?post=4705"},{"taxonomy":"post_tag","embeddable":true,"href":"https:\/\/defrentealaverdad.com\/index.php\/wp-json\/wp\/v2\/tags?post=4705"}],"curies":[{"name":"wp","href":"https:\/\/api.w.org\/{rel}","templated":true}]}}