{"id":46984,"date":"2025-08-23T17:19:18","date_gmt":"2025-08-23T17:19:18","guid":{"rendered":"https:\/\/defrentealaverdad.com\/?p=46984"},"modified":"2025-08-24T17:21:46","modified_gmt":"2025-08-24T17:21:46","slug":"omar-fernandez-entrega-utiles-escolares-a-cientos-de-estudiantes-en-dajabon","status":"publish","type":"post","link":"https:\/\/defrentealaverdad.com\/index.php\/2025\/08\/23\/omar-fernandez-entrega-utiles-escolares-a-cientos-de-estudiantes-en-dajabon\/","title":{"rendered":"Omar Fern\u00e1ndez entrega \u00fatiles escolares a cientos de estudiantes en Dajab\u00f3n"},"content":{"rendered":"<blockquote>\n<p style=\"text-align: center;\">\u00abLa mejor forma de defender la patria es invirtiendo en educaci\u00f3n\u00bb<\/p>\n<\/blockquote>\n<p style=\"text-align: justify;\"><strong>Dajab\u00f3n.\u2013<\/strong>\u00a0El senador, Omar Fern\u00e1ndez, entreg\u00f3 \u00fatiles a cientos de ni\u00f1os de escasos recursos en Dajab\u00f3n con el inter\u00e9s de aportar a su educaci\u00f3n aliviar la carga econ\u00f3mica de las familias al inicio del a\u00f1o escolar.<\/p>\n<p style=\"text-align: justify;\">Durante la actividad, celebrada en la Plaza Beller, exhort\u00f3 a los ni\u00f1os a dar lo mejor de s\u00ed para formarse, ya que es la mejor manera de defender la patria.<\/p>\n<p style=\"text-align: justify;\">Invit\u00f3 a respetar a sus padres, los s\u00edmbolos patrios y ser buenos ciudadanos en el d\u00eda a d\u00eda.<\/p>\n<blockquote>\n<p style=\"text-align: center;\">\u201cLa mejor inversi\u00f3n que se puede hacer es en los ni\u00f1os, estoy convencido sembrar educaci\u00f3n, es cosechar futuro\u201d, afirm\u00f3 el legislador.<\/p>\n<\/blockquote>\n<p style=\"text-align: justify;\">En el acto distribuyeron mochilas, cuadernos, l\u00e1pices, colores y otros materiales b\u00e1sicos que permitir\u00e1n a cientos de ni\u00f1os y ni\u00f1as iniciar las clases con las herramientas necesarias para su aprendizaje.<\/p>\n<p style=\"text-align: justify;\">El senador Fern\u00e1ndez expres\u00f3 que este esfuerzo busca \u201cbrindar un respaldo directo a las familias que hacen grandes sacrificios para garantizar la educaci\u00f3n de sus hijos\u201d.<\/p>\n<blockquote>\n<p style=\"text-align: center;\">\u201cLa educaci\u00f3n es la mejor inversi\u00f3n que podemos hacer como pa\u00eds. Estos \u00fatiles son una ayuda puntual, pero tambi\u00e9n un s\u00edmbolo de que seguimos apostando a nuestros ni\u00f1os, a su preparaci\u00f3n y a su futuro\u201d, afirm\u00f3.<\/p>\n<\/blockquote>\n<p style=\"text-align: justify;\">Padres y comunitarios agradecieron la entrega, destacando que este tipo de apoyo representa un gran alivio en momentos en que los costos escolares resultan cada vez m\u00e1s dif\u00edciles de cubrir.<\/p>\n<p>Fuente: Oficina Senador OF<\/p>\n","protected":false},"excerpt":{"rendered":"<p>\u00abLa mejor forma de defender la patria es invirtiendo en educaci\u00f3n\u00bb Dajab\u00f3n.\u2013\u00a0El senador, Omar Fern\u00e1ndez,<\/p>\n","protected":false},"author":1,"featured_media":46985,"comment_status":"open","ping_status":"open","sticky":false,"template":"","format":"standard","meta":{"footnotes":""},"categories":[7],"tags":[],"class_list":["post-46984","post","type-post","status-publish","format-standard","has-post-thumbnail","hentry","category-nacionales"],"_links":{"self":[{"href":"https:\/\/defrentealaverdad.com\/index.php\/wp-json\/wp\/v2\/posts\/46984","targetHints":{"allow":["GET"]}}],"collection":[{"href":"https:\/\/defrentealaverdad.com\/index.php\/wp-json\/wp\/v2\/posts"}],"about":[{"href":"https:\/\/defrentealaverdad.com\/index.php\/wp-json\/wp\/v2\/types\/post"}],"author":[{"embeddable":true,"href":"https:\/\/defrentealaverdad.com\/index.php\/wp-json\/wp\/v2\/users\/1"}],"replies":[{"embeddable":true,"href":"https:\/\/defrentealaverdad.com\/index.php\/wp-json\/wp\/v2\/comments?post=46984"}],"version-history":[{"count":1,"href":"https:\/\/defrentealaverdad.com\/index.php\/wp-json\/wp\/v2\/posts\/46984\/revisions"}],"predecessor-version":[{"id":46986,"href":"https:\/\/defrentealaverdad.com\/index.php\/wp-json\/wp\/v2\/posts\/46984\/revisions\/46986"}],"wp:featuredmedia":[{"embeddable":true,"href":"https:\/\/defrentealaverdad.com\/index.php\/wp-json\/wp\/v2\/media\/46985"}],"wp:attachment":[{"href":"https:\/\/defrentealaverdad.com\/index.php\/wp-json\/wp\/v2\/media?parent=46984"}],"wp:term":[{"taxonomy":"category","embeddable":true,"href":"https:\/\/defrentealaverdad.com\/index.php\/wp-json\/wp\/v2\/categories?post=46984"},{"taxonomy":"post_tag","embeddable":true,"href":"https:\/\/defrentealaverdad.com\/index.php\/wp-json\/wp\/v2\/tags?post=46984"}],"curies":[{"name":"wp","href":"https:\/\/api.w.org\/{rel}","templated":true}]}}