{"id":4678,"date":"2023-04-28T18:23:41","date_gmt":"2023-04-28T18:23:41","guid":{"rendered":"https:\/\/defrentealaverdad.com\/?p=4678"},"modified":"2023-04-28T18:23:41","modified_gmt":"2023-04-28T18:23:41","slug":"en-el-dia-nacional-de-la-etica-ciudadana-el-srsm-resalta-el-valor-de-la-responsabilidad-y-la-transparencia","status":"publish","type":"post","link":"https:\/\/defrentealaverdad.com\/index.php\/2023\/04\/28\/en-el-dia-nacional-de-la-etica-ciudadana-el-srsm-resalta-el-valor-de-la-responsabilidad-y-la-transparencia\/","title":{"rendered":"En el D\u00eda Nacional de la \u00c9tica Ciudadana, el SRSM resalta el valor de la responsabilidad y la transparencia"},"content":{"rendered":"<p style=\"text-align: justify;\"><img decoding=\"async\" class=\"alignnone size-medium wp-image-4679 lazyload\" data-src=\"https:\/\/defrentealaverdad.com\/wp-content\/uploads\/2023\/04\/WhatsApp-Image-2023-04-28-at-14.15.41-300x213.jpeg\" alt=\"\" width=\"300\" height=\"213\" data-srcset=\"https:\/\/defrentealaverdad.com\/wp-content\/uploads\/2023\/04\/WhatsApp-Image-2023-04-28-at-14.15.41-300x213.jpeg 300w, https:\/\/defrentealaverdad.com\/wp-content\/uploads\/2023\/04\/WhatsApp-Image-2023-04-28-at-14.15.41-768x545.jpeg 768w, https:\/\/defrentealaverdad.com\/wp-content\/uploads\/2023\/04\/WhatsApp-Image-2023-04-28-at-14.15.41.jpeg 1024w\" data-sizes=\"(max-width: 300px) 100vw, 300px\" src=\"data:image\/svg+xml;base64,PHN2ZyB3aWR0aD0iMSIgaGVpZ2h0PSIxIiB4bWxucz0iaHR0cDovL3d3dy53My5vcmcvMjAwMC9zdmciPjwvc3ZnPg==\" style=\"--smush-placeholder-width: 300px; --smush-placeholder-aspect-ratio: 300\/213;\" \/><br \/>\nSanto Domingo, RD. \u2013 A prop\u00f3sito de celebrarse este 29 de abril el D\u00eda Nacional de la \u00c9tica Ciudadana, el Servicio Regional de Salud Metropolitano (SRSM) valora la responsabilidad y transparencia con que trabajan los colaboradores de la instituci\u00f3n.<\/p>\n<p style=\"text-align: justify;\">El SRSM que dirige el doctor Edisson F\u00e9liz F\u00e9liz, procura siempre se d\u00e9 el mejor servicio en los hospitales bajo su supervisi\u00f3n en el Gran Santo Domingo y Monte Plata, buscando afianzar en cada trabajador la \u00e9tica, el compromiso y los valores morales.<\/p>\n<p style=\"text-align: justify;\">\u201cTenemos el compromiso de cada uno cumplir sus responsabilidades, atendiendo a los protocolos y transparencia que nos gu\u00edan, para que los servicios y atenciones a los usuarios tengan la calidad y calidez que estos merecen\u201d, expres\u00f3 el doctor F\u00e9liz.<\/p>\n<p style=\"text-align: justify;\">Resalt\u00f3 que hay que siempre actuar con respeto, as\u00ed como establece el C\u00f3digo de \u00c9tica, para seguir creando una cultura de comportamiento \u00e9tico y de respeto a las normas establecidas.<\/p>\n<p style=\"text-align: justify;\">De su lado, licenciada Tomasina Ulloa, responsable de Acceso a la Informaci\u00f3n del SRSM, afirma que desde la instituci\u00f3n se trabaja para transmitir esos valores, con constantes capacitaciones y acciones educativas, desarrollando las capacidades de los servidores p\u00fablicos del sector salud.<\/p>\n<p style=\"text-align: justify;\">Record\u00f3 que el D\u00eda Nacional de la \u00c9tica Ciudadana se conmemora el 29 de abril cada a\u00f1o, en honor al Ulises Francisco Espaillat, quien fue presidente de la Rep\u00fablica Dominicana y un hombre de profundas convicciones \u00e9ticas y de respeto absoluto a las libertades p\u00fablicas.<\/p>\n<p style=\"text-align: justify;\">Respecto al tema, las instituciones como el SRSM se mantienen apegadas a las exigencias y reglamentos que las rigen, supervisados por la Direcci\u00f3n General de \u00c9tica e Integridad Gubernamental (DIGEIG), que encabeza la doctora Milagros Ortiz Bosch, con acciones que dan a conocer los derechos y obligaciones de los usuarios con el prop\u00f3sito de satisfacer sus necesidades y expectativas.<\/p>\n<p style=\"text-align: justify;\">Afirma que se busca impulsar el desarrollo y fortalecimiento de una cultura \u00e9tica, de transparencia e integridad, a trav\u00e9s de la promoci\u00f3n de los valores \u00e9ticos y morales en la administraci\u00f3n p\u00fablica.<\/p>\n<p style=\"text-align: justify;\">Fuente: Gerencia de Comunicaci\u00f3n Estrat\u00e9gica SRSM<\/p>\n","protected":false},"excerpt":{"rendered":"<p>Santo Domingo, RD. \u2013 A prop\u00f3sito de celebrarse este 29 de abril el D\u00eda Nacional<\/p>\n","protected":false},"author":1,"featured_media":0,"comment_status":"open","ping_status":"open","sticky":false,"template":"","format":"standard","meta":{"footnotes":""},"categories":[7,221],"tags":[],"class_list":["post-4678","post","type-post","status-publish","format-standard","hentry","category-nacionales","category-salud"],"_links":{"self":[{"href":"https:\/\/defrentealaverdad.com\/index.php\/wp-json\/wp\/v2\/posts\/4678","targetHints":{"allow":["GET"]}}],"collection":[{"href":"https:\/\/defrentealaverdad.com\/index.php\/wp-json\/wp\/v2\/posts"}],"about":[{"href":"https:\/\/defrentealaverdad.com\/index.php\/wp-json\/wp\/v2\/types\/post"}],"author":[{"embeddable":true,"href":"https:\/\/defrentealaverdad.com\/index.php\/wp-json\/wp\/v2\/users\/1"}],"replies":[{"embeddable":true,"href":"https:\/\/defrentealaverdad.com\/index.php\/wp-json\/wp\/v2\/comments?post=4678"}],"version-history":[{"count":1,"href":"https:\/\/defrentealaverdad.com\/index.php\/wp-json\/wp\/v2\/posts\/4678\/revisions"}],"predecessor-version":[{"id":4680,"href":"https:\/\/defrentealaverdad.com\/index.php\/wp-json\/wp\/v2\/posts\/4678\/revisions\/4680"}],"wp:attachment":[{"href":"https:\/\/defrentealaverdad.com\/index.php\/wp-json\/wp\/v2\/media?parent=4678"}],"wp:term":[{"taxonomy":"category","embeddable":true,"href":"https:\/\/defrentealaverdad.com\/index.php\/wp-json\/wp\/v2\/categories?post=4678"},{"taxonomy":"post_tag","embeddable":true,"href":"https:\/\/defrentealaverdad.com\/index.php\/wp-json\/wp\/v2\/tags?post=4678"}],"curies":[{"name":"wp","href":"https:\/\/api.w.org\/{rel}","templated":true}]}}