{"id":4658,"date":"2023-04-28T13:30:59","date_gmt":"2023-04-28T13:30:59","guid":{"rendered":"https:\/\/defrentealaverdad.com\/?p=4658"},"modified":"2023-04-28T13:30:59","modified_gmt":"2023-04-28T13:30:59","slug":"sip-las-libertades-de-prensa-y-de-expresion-corren-grave-riesgo-en-la-region-de-las-americas","status":"publish","type":"post","link":"https:\/\/defrentealaverdad.com\/index.php\/2023\/04\/28\/sip-las-libertades-de-prensa-y-de-expresion-corren-grave-riesgo-en-la-region-de-las-americas\/","title":{"rendered":"SIP: Las libertades de prensa y de expresi\u00f3n corren grave riesgo en la regi\u00f3n de las Am\u00e9ricas"},"content":{"rendered":"<p><img decoding=\"async\" class=\"aligncenter lazyload\" data-src=\"https:\/\/resources.diariolibre.com\/images\/2023\/03\/20\/greenspon-1-01f551ea-focus-min0.35-0.57-895-573.jpg\" alt=\"SIP: Las libertades de prensa y de expresi\u00f3n corren grave riesgo en la regi\u00f3n de las Am\u00e9ricas\" src=\"data:image\/svg+xml;base64,PHN2ZyB3aWR0aD0iMSIgaGVpZ2h0PSIxIiB4bWxucz0iaHR0cDovL3d3dy53My5vcmcvMjAwMC9zdmciPjwvc3ZnPg==\" \/><\/p>\n<p>La Sociedad Interamericana de Prensa (SIP) concluy\u00f3 ayer su Reuni\u00f3n virtual de Medio A\u00f1o con la presentaci\u00f3n en sus conclusiones de los principales temas que influyeron en el desempe\u00f1o de las libertades de prensa y de expresi\u00f3n en las Am\u00e9ricas. La organizaci\u00f3n tambi\u00e9n abord\u00f3 los desaf\u00edos del periodismo en materia de inteligencia artificial y sustentabilidad de los medios.<\/p>\n<p>A continuaci\u00f3n, el texto \u00edntegro de las Conclusiones de la reuni\u00f3n, realizada del 25 al 27 de abril:<\/p>\n<p><strong><em>\u00abHay visos de tragedia para la democracia en el continente americano debido al irrespeto a las libertades de prensa y expresi\u00f3n, que corroe los derechos humanos, debilita las instituciones y mata la esperanza de una vida digna\u00bb. <\/em><\/strong><\/p>\n<p>&nbsp;<\/p>\n<p><strong><em>\u00ab\u00bbCinco de los 10 comunicadores fueron asesinados en Hait\u00ed, y uno en Colombia, Estados Unidos, Guatemala, Honduras y Paraguay, respectivamente\u00bb. \u00ab\u201c<\/em><\/strong><\/p>\n<p>&nbsp;<\/p>\n<p>Esta aseveraci\u00f3n del presidente de la Sociedad Interamericana de Prensa (SIP), Michael Greenspon, expuesta en la inauguraci\u00f3n de la reuni\u00f3n de Medio A\u00f1o de la organizaci\u00f3n continental que agrupa a m\u00e1s de 1,300 medios, define bien este per\u00edodo, que concluye con un balance de 10 periodistas asesinados, agresiones y atentados en contra del periodismo independiente.<\/p>\n<p>&nbsp;<\/p>\n<p>El drama de la prensa nicarag\u00fcense qued\u00f3 registrado en un panel que revivi\u00f3 la represi\u00f3n descarnada de un r\u00e9gimen que expatri\u00f3 y despoj\u00f3 de nacionalidad a 222 presos pol\u00edticos, despu\u00e9s de tenerlos encarcelados sin el debido proceso ni garant\u00edas judiciales; entre ellos, Juan Lorenzo Holmann, gerente de La Prensa y director de la SIP.<\/p>\n<p>En este per\u00edodo, m\u00e1s de 30 periodistas tuvieron que emprender el exilio desde Nicaragua, Guatemala, Ecuador y El Salvador, y desde este \u00faltimo pa\u00eds un medio digital, El Faro, opt\u00f3 por trasladar sus operaciones a Costa Rica ante la persecuci\u00f3n gubernamental. Cuba. El r\u00e9gimen de Cuba sostiene la prohibici\u00f3n de salida del pa\u00eds para nueve periodistas independientes y mantiene en prisi\u00f3n a un reportero y a una influencer de redes sociales.<\/p>\n<p>&nbsp;<\/p>\n<p>Jos\u00e9 Rub\u00e9n Zamora, presidente de elPeri\u00f3dico y director de la SIP, contin\u00faa encarcelado en Guatemala mediante un proceso judicial ama\u00f1ado, que pone en evidencia a un gobierno que sigue persiguiendo las voces cr\u00edticas.<\/p>\n<p>&nbsp;<\/p>\n<p>Fuente: Diario Libre<\/p>\n","protected":false},"excerpt":{"rendered":"<p>La Sociedad Interamericana de Prensa (SIP) concluy\u00f3 ayer su Reuni\u00f3n virtual de Medio A\u00f1o con<\/p>\n","protected":false},"author":1,"featured_media":0,"comment_status":"open","ping_status":"open","sticky":false,"template":"","format":"standard","meta":{"footnotes":""},"categories":[16],"tags":[],"class_list":["post-4658","post","type-post","status-publish","format-standard","hentry","category-internacionales"],"_links":{"self":[{"href":"https:\/\/defrentealaverdad.com\/index.php\/wp-json\/wp\/v2\/posts\/4658","targetHints":{"allow":["GET"]}}],"collection":[{"href":"https:\/\/defrentealaverdad.com\/index.php\/wp-json\/wp\/v2\/posts"}],"about":[{"href":"https:\/\/defrentealaverdad.com\/index.php\/wp-json\/wp\/v2\/types\/post"}],"author":[{"embeddable":true,"href":"https:\/\/defrentealaverdad.com\/index.php\/wp-json\/wp\/v2\/users\/1"}],"replies":[{"embeddable":true,"href":"https:\/\/defrentealaverdad.com\/index.php\/wp-json\/wp\/v2\/comments?post=4658"}],"version-history":[{"count":1,"href":"https:\/\/defrentealaverdad.com\/index.php\/wp-json\/wp\/v2\/posts\/4658\/revisions"}],"predecessor-version":[{"id":4659,"href":"https:\/\/defrentealaverdad.com\/index.php\/wp-json\/wp\/v2\/posts\/4658\/revisions\/4659"}],"wp:attachment":[{"href":"https:\/\/defrentealaverdad.com\/index.php\/wp-json\/wp\/v2\/media?parent=4658"}],"wp:term":[{"taxonomy":"category","embeddable":true,"href":"https:\/\/defrentealaverdad.com\/index.php\/wp-json\/wp\/v2\/categories?post=4658"},{"taxonomy":"post_tag","embeddable":true,"href":"https:\/\/defrentealaverdad.com\/index.php\/wp-json\/wp\/v2\/tags?post=4658"}],"curies":[{"name":"wp","href":"https:\/\/api.w.org\/{rel}","templated":true}]}}