{"id":4653,"date":"2023-04-28T13:27:02","date_gmt":"2023-04-28T13:27:02","guid":{"rendered":"https:\/\/defrentealaverdad.com\/?p=4653"},"modified":"2023-04-28T13:27:14","modified_gmt":"2023-04-28T13:27:14","slug":"el-1-de-mayo-arrancan-los-contratos-formales-de-las-trabajadoras-domesticas","status":"publish","type":"post","link":"https:\/\/defrentealaverdad.com\/index.php\/2023\/04\/28\/el-1-de-mayo-arrancan-los-contratos-formales-de-las-trabajadoras-domesticas\/","title":{"rendered":"El 1 de mayo arrancan los contratos formales de las trabajadoras dom\u00e9sticas"},"content":{"rendered":"<p style=\"text-align: justify;\"><img decoding=\"async\" class=\"aligncenter lazyload\" data-src=\"https:\/\/megadiario.com.do\/wp-content\/uploads\/2023\/04\/644b1fade591d-696x341.jpeg\" src=\"data:image\/svg+xml;base64,PHN2ZyB3aWR0aD0iMSIgaGVpZ2h0PSIxIiB4bWxucz0iaHR0cDovL3d3dy53My5vcmcvMjAwMC9zdmciPjwvc3ZnPg==\" style=\"--smush-placeholder-width: 696px; --smush-placeholder-aspect-ratio: 696\/341;\" \/><\/p>\n<p style=\"text-align: justify;\">E1 de mayo pr\u00f3ximo iniciar\u00e1 formalmente el proyecto de contrataci\u00f3n directa del trabajo dom\u00e9stico en Rep\u00fablica Dominicana, revel\u00f3 el ministro de Trabajo, Luis Miguel De Camps.<\/p>\n<p style=\"text-align: justify;\">El funcionario revel\u00f3 que al cierre de febrero hab\u00edan registradas m\u00e1s de 300 solicitudes, proceso que se ha dado en menos de dos meses desde cuando se lanz\u00f3 el proyecto piloto de registros de las dom\u00e9sticas. De Camps explic\u00f3 que el pa\u00eds ha durado menos tiempo que en otros para iniciar ese proyecto donde ha durado de dos a tres a\u00f1os.<\/p>\n<p style=\"text-align: justify;\">El Ministerio de Trabajo puso a disposici\u00f3n del p\u00fablico en su portal de la web un formulario para el registro del trabajo dom\u00e9stico. Explic\u00f3 que se trataba de un plan piloto de regulaci\u00f3n del sector que no estaba regulado y con el cual se pone en pr\u00e1ctica el Convenio 189 de la Organizaci\u00f3n Internacional del Trabajo (OIT), del a\u00f1o 2011, sobre trabajo decente para las trabajadoras y los trabajadores dom\u00e9sticos, el cual fue ratificado por el Congreso Nacional en el a\u00f1o 2013.<\/p>\n<p style=\"text-align: justify;\">Actualmente el universo de personas que se dedican al trabajo dom\u00e9stico en el pa\u00eds es 240,000 trabajadores y de estas solamente un 8% realiza esa labor con dormida.<\/p>\n<p style=\"text-align: justify;\">El n\u00famero es importante si se toma en cuenta que en zonas francas laboran cerca de 200,000 personas y hay registrados de 1.6 a 1.7 millones de trabajadores en el sector formal, dijo el ministro De Camps.<\/p>\n<p style=\"text-align: justify;\">Adem\u00e1s, hay que tomar en cuenta las subcontrataciones, es decir, las personas que contratan a otras mientras realizan su trabajo. El ministro explic\u00f3 que la regulaci\u00f3n del trabajo dom\u00e9stico se ha hecho en cinco etapas, comenzando con una resoluci\u00f3n que lo regule y se materialice el Convenio 189 de la Organizaci\u00f3n Internacional del Trabajo (OIT); determinaci\u00f3n del salario m\u00ednimo, el registro y protecci\u00f3n de la seguridad social, educaci\u00f3n y capacitaci\u00f3n y un piloto de ingreso m\u00ednimo vital, con el cual se busca dar cobertura a la subcontrataciones.<\/p>\n<p style=\"text-align: justify;\">Inform\u00f3 que tres de estas cinco etapas comenzaron con tres resoluciones entre agosto- septiembre y con plazos para el desarrollo de pilotos.<\/p>\n<p style=\"text-align: justify;\">Recalc\u00f3 que el ingreso m\u00ednimo vital se trabaja con el Ministerio de Econom\u00eda, Planificaci\u00f3n y Desarrollo (Mepyd).<\/p>\n<p style=\"text-align: justify;\">Record\u00f3 que en diciembre pasado se hizo un levantamiento de informaci\u00f3n para cuando la Tesorer\u00eda de la Seguridad Social (TSS) estuviera lista iniciar la formalizaci\u00f3n de las labores de las dom\u00e9sticas.<\/p>\n<p style=\"text-align: justify;\"><strong>LO QUE DICE LA GU\u00cdA<\/strong><\/p>\n<p style=\"text-align: justify;\">La contrataci\u00f3n de las dom\u00e9sticas tiene que ser de mutuo acuerdo, comenzando con el registro en la Tesorer\u00eda de la Seguridad Social (TSS). El horario laboral no deber\u00e1 pasar de 44 horas semanales y las vacaciones y tendr\u00e1 que contemplarse los d\u00edas de descanso diario y semanal.<\/p>\n<p style=\"text-align: justify;\"><strong>MINISTRO DICE SER\u00c1 VENTAJOSO PARA LAS PARTES<\/strong><\/p>\n<p style=\"text-align: justify;\">El ministro Luis Miguel De Camps explic\u00f3 que el registro del trabajo dom\u00e9stico es ventajoso para las partes (trabajadores y empleadores).<\/p>\n<p style=\"text-align: justify;\">Al participar en el Desayuno de List\u00edn Diario en compa\u00f1\u00eda de Elsa Sabrina De La Cruz Vargas, viceministra de relaciones sindicales y empresariales, y Gustavo Piantini, director general de empleo, adem\u00e1s de Johanna Hilario, del Departamento de Comunicaciones del Ministerio de Trabajo recalc\u00f3 que las ventajas de la formalizaci\u00f3n es que estas no est\u00e1n atadas a un salario. Las trabajadoras tendr\u00e1n una mejor cobertura en la seguridad social, en riesgos laborales, pensiones solidarias, subsidios por maternidad, lactancia y enfermedad com\u00fan. Los empleadores podr\u00e1n contratar a otra persona cuando la empleada busque un subsidio por maternidad mientras la licencia est\u00e9 vigente y por el hecho de que el subsidio de riesgos laborales estar\u00e1 cubiertos, entre otras. En el encuentro participaron Manuel Corripio, presidente de la Editora; Miguel Franjul, director de List\u00edn Diario, y C\u00e1ndida Acosta, editora de Econom\u00eda &amp; Negocios.<\/p>\n<p style=\"text-align: justify;\">Fuente: Mega Diario<\/p>\n","protected":false},"excerpt":{"rendered":"<p>E1 de mayo pr\u00f3ximo iniciar\u00e1 formalmente el proyecto de contrataci\u00f3n directa del trabajo dom\u00e9stico en<\/p>\n","protected":false},"author":1,"featured_media":0,"comment_status":"open","ping_status":"open","sticky":false,"template":"","format":"standard","meta":{"footnotes":""},"categories":[2,7],"tags":[],"class_list":["post-4653","post","type-post","status-publish","format-standard","hentry","category-economicas","category-nacionales"],"_links":{"self":[{"href":"https:\/\/defrentealaverdad.com\/index.php\/wp-json\/wp\/v2\/posts\/4653","targetHints":{"allow":["GET"]}}],"collection":[{"href":"https:\/\/defrentealaverdad.com\/index.php\/wp-json\/wp\/v2\/posts"}],"about":[{"href":"https:\/\/defrentealaverdad.com\/index.php\/wp-json\/wp\/v2\/types\/post"}],"author":[{"embeddable":true,"href":"https:\/\/defrentealaverdad.com\/index.php\/wp-json\/wp\/v2\/users\/1"}],"replies":[{"embeddable":true,"href":"https:\/\/defrentealaverdad.com\/index.php\/wp-json\/wp\/v2\/comments?post=4653"}],"version-history":[{"count":2,"href":"https:\/\/defrentealaverdad.com\/index.php\/wp-json\/wp\/v2\/posts\/4653\/revisions"}],"predecessor-version":[{"id":4655,"href":"https:\/\/defrentealaverdad.com\/index.php\/wp-json\/wp\/v2\/posts\/4653\/revisions\/4655"}],"wp:attachment":[{"href":"https:\/\/defrentealaverdad.com\/index.php\/wp-json\/wp\/v2\/media?parent=4653"}],"wp:term":[{"taxonomy":"category","embeddable":true,"href":"https:\/\/defrentealaverdad.com\/index.php\/wp-json\/wp\/v2\/categories?post=4653"},{"taxonomy":"post_tag","embeddable":true,"href":"https:\/\/defrentealaverdad.com\/index.php\/wp-json\/wp\/v2\/tags?post=4653"}],"curies":[{"name":"wp","href":"https:\/\/api.w.org\/{rel}","templated":true}]}}