{"id":4651,"date":"2023-04-28T13:21:45","date_gmt":"2023-04-28T13:21:45","guid":{"rendered":"https:\/\/defrentealaverdad.com\/?p=4651"},"modified":"2023-04-28T13:21:45","modified_gmt":"2023-04-28T13:21:45","slug":"concejal-alex-mendez-no-voy-a-permitir-que-falten-el-respeto-a-mi-comunidad-dominicana-utilizando-comentarios-de-odio-racial-paterson-nj","status":"publish","type":"post","link":"https:\/\/defrentealaverdad.com\/index.php\/2023\/04\/28\/concejal-alex-mendez-no-voy-a-permitir-que-falten-el-respeto-a-mi-comunidad-dominicana-utilizando-comentarios-de-odio-racial-paterson-nj\/","title":{"rendered":"Concejal Alex M\u00e9ndez: \u201cNo voy a permitir que falten el respeto a mi comunidad dominicana utilizando comentarios de odio, racial\u201d Paterson-NJ"},"content":{"rendered":"<div class=\"separator\" style=\"text-align: justify;\"><a href=\"https:\/\/blogger.googleusercontent.com\/img\/b\/R29vZ2xl\/AVvXsEiWJN6RqXoTKuHYbOk3wd5X1YFFdHPi0YRgiaMHsUMhArRZwINbHtg3P4EZuozpVIsLrsdEdZTIue4jbd8rburiDFrV_-g8HKJTOnPuO-ymw4vwQnhytMfVj7PRG_Wo2MKBU6EaR4xJotCOvZVLn822ZZ4-GUK_VgnIU690MC55wBr6D_xlMuWqXtx2\/s1600\/550c3411-f3da-4537-91e4-998be5939eb7.jpeg\"><img decoding=\"async\" data-src=\"https:\/\/blogger.googleusercontent.com\/img\/b\/R29vZ2xl\/AVvXsEiWJN6RqXoTKuHYbOk3wd5X1YFFdHPi0YRgiaMHsUMhArRZwINbHtg3P4EZuozpVIsLrsdEdZTIue4jbd8rburiDFrV_-g8HKJTOnPuO-ymw4vwQnhytMfVj7PRG_Wo2MKBU6EaR4xJotCOvZVLn822ZZ4-GUK_VgnIU690MC55wBr6D_xlMuWqXtx2\/s320\/550c3411-f3da-4537-91e4-998be5939eb7.jpeg\" width=\"188\" height=\"320\" border=\"0\" data-original-height=\"1600\" data-original-width=\"939\" src=\"data:image\/svg+xml;base64,PHN2ZyB3aWR0aD0iMSIgaGVpZ2h0PSIxIiB4bWxucz0iaHR0cDovL3d3dy53My5vcmcvMjAwMC9zdmciPjwvc3ZnPg==\" class=\"lazyload\" style=\"--smush-placeholder-width: 188px; --smush-placeholder-aspect-ratio: 188\/320;\" \/><\/a><\/div>\n<p style=\"text-align: justify;\">Paterson, NJ \u2013 El \u00fanico concejal y vicepresidente de origen dominicano del Concejo Municipal en la ciudad de Paterson New Jersey, Alex M\u00e9ndez, en la reciente Sesi\u00f3n Ordinaria celebrada por el Concejo Municipal, ante el comentario realizado por un concejal de origen afroamericano, enfatiz\u00f3 \u00a0lo siguiente \u201cno voy a permitir que un compa\u00f1ero concejal le falte el respeto a mi comunidad dominicana, acusando al Padre Fundador de nuestra Rep\u00fablica Dominicana, Juan Pablo Duarte, de blanquear el color de su piel, y cometer traici\u00f3n a mis antepasados, es un \u00a0comentario con fines de odio, y racial\u201d.<\/p>\n<p style=\"text-align: justify;\">M\u00e9ndez expres\u00f3, que en la funci\u00f3n actual que desempe\u00f1a, como concejal, y vicepresidente de la ciudad de Paterson, siempre se ha comportado de manera profesional, y respetuosa con los dem\u00e1s, y como dominicano, nunca ha ofendido a ninguna otra nacionalidad, recibiendo siempre el respaldo de muchas otras comunidades, respetando siempre nuestras diferencias culturales.<\/p>\n<p style=\"text-align: justify;\">En este sentido, M\u00e9ndez sostuvo que la comunidad dominicana ha ido avanzando en todos los niveles, hoy en d\u00eda tenemos dominicanos que son due\u00f1os de cadenas de supermercados, de los salones y barber\u00eda, bodegas, agencias de servicios de transportaci\u00f3n, en el \u00e1rea de banca y finanzas, est\u00e1n haciendo un trabajo excelente en el \u00e1rea de las inversiones, de igual manera, tenemos dominicanos que son due\u00f1os de una gran cantidad de propiedades de bienes ra\u00edces, Real Estate, talleres de mec\u00e1nica.<\/p>\n<p style=\"text-align: justify;\">El concejal M\u00e9ndez indic\u00f3, que Paterson es la tercera ciudad m\u00e1s grande del Estado de New Jersey, con los a\u00f1os, se ha convertido en la cuna de la Comunidad Dominicana, y es una ciudad de suma importancia tanto, en el aspecto pol\u00edtico, como el aspecto econ\u00f3mico, de donde pr\u00f3ximamente 190,000 habitantes, de los cuales la gran mayor\u00eda son de nacionalidad dominicana, y tenemos m\u00e1s de 60,000 residiendo en esta ciudad, lo que representa una mayor\u00eda absoluta.<\/p>\n<p style=\"text-align: justify;\">\n<p>Fuente: El Faro RD<\/p>\n","protected":false},"excerpt":{"rendered":"<p>Paterson, NJ \u2013 El \u00fanico concejal y vicepresidente de origen dominicano del Concejo Municipal en<\/p>\n","protected":false},"author":1,"featured_media":0,"comment_status":"open","ping_status":"open","sticky":false,"template":"","format":"standard","meta":{"footnotes":""},"categories":[16],"tags":[],"class_list":["post-4651","post","type-post","status-publish","format-standard","hentry","category-internacionales"],"_links":{"self":[{"href":"https:\/\/defrentealaverdad.com\/index.php\/wp-json\/wp\/v2\/posts\/4651","targetHints":{"allow":["GET"]}}],"collection":[{"href":"https:\/\/defrentealaverdad.com\/index.php\/wp-json\/wp\/v2\/posts"}],"about":[{"href":"https:\/\/defrentealaverdad.com\/index.php\/wp-json\/wp\/v2\/types\/post"}],"author":[{"embeddable":true,"href":"https:\/\/defrentealaverdad.com\/index.php\/wp-json\/wp\/v2\/users\/1"}],"replies":[{"embeddable":true,"href":"https:\/\/defrentealaverdad.com\/index.php\/wp-json\/wp\/v2\/comments?post=4651"}],"version-history":[{"count":1,"href":"https:\/\/defrentealaverdad.com\/index.php\/wp-json\/wp\/v2\/posts\/4651\/revisions"}],"predecessor-version":[{"id":4652,"href":"https:\/\/defrentealaverdad.com\/index.php\/wp-json\/wp\/v2\/posts\/4651\/revisions\/4652"}],"wp:attachment":[{"href":"https:\/\/defrentealaverdad.com\/index.php\/wp-json\/wp\/v2\/media?parent=4651"}],"wp:term":[{"taxonomy":"category","embeddable":true,"href":"https:\/\/defrentealaverdad.com\/index.php\/wp-json\/wp\/v2\/categories?post=4651"},{"taxonomy":"post_tag","embeddable":true,"href":"https:\/\/defrentealaverdad.com\/index.php\/wp-json\/wp\/v2\/tags?post=4651"}],"curies":[{"name":"wp","href":"https:\/\/api.w.org\/{rel}","templated":true}]}}