{"id":4647,"date":"2023-04-27T20:12:02","date_gmt":"2023-04-27T20:12:02","guid":{"rendered":"https:\/\/defrentealaverdad.com\/?p=4647"},"modified":"2023-04-27T20:12:02","modified_gmt":"2023-04-27T20:12:02","slug":"policia-nacional-capturo-en-santiago-reconocido-delincuente-era-buscado-por-la-muerte-de-seis-personas-y-causar-heridas-a-otras-diez-en-hechos-cometidos-en-santo-domingo","status":"publish","type":"post","link":"https:\/\/defrentealaverdad.com\/index.php\/2023\/04\/27\/policia-nacional-capturo-en-santiago-reconocido-delincuente-era-buscado-por-la-muerte-de-seis-personas-y-causar-heridas-a-otras-diez-en-hechos-cometidos-en-santo-domingo\/","title":{"rendered":"Polic\u00eda Nacional captur\u00f3 en Santiago reconocido delincuente era buscado por la muerte de seis personas y causar heridas a otras diez en hechos cometidos en Santo Domingo"},"content":{"rendered":"<p><img decoding=\"async\" class=\"aligncenter lazyload\" data-src=\"https:\/\/lh3.googleusercontent.com\/drive-viewer\/AFGJ81pSVWKGcYpusYVES95c1DdeeJ5HGD_kBduljd5dybovN_5cioCFOvdGH9pEyqjuWV6tMNNVfx3rn90HXk-ehxR5yFWOSA\" src=\"data:image\/svg+xml;base64,PHN2ZyB3aWR0aD0iMSIgaGVpZ2h0PSIxIiB4bWxucz0iaHR0cDovL3d3dy53My5vcmcvMjAwMC9zdmciPjwvc3ZnPg==\" \/><\/p>\n<p style=\"text-align: justify;\">La Polic\u00eda Nacional inform\u00f3 que un reconocido delincuente capturado por agentes, adscritos a la Direcci\u00f3n Central de Investigaci\u00f3n (DICRIM) de servicio en la Direcci\u00f3n Regional Cibao Central, en Santiago, era buscado mediante \u00f3rdenes de arrestos por la comisi\u00f3n de al menos seis homicidios, as\u00ed como las heridas de bala ocasionadas a 10 personas, incluyendo cinco miembros de la instituci\u00f3n en Santo Domingo, entre los a\u00f1os 2020 y 2022.<\/p>\n<p style=\"text-align: justify;\">Se trata de Thomas Alberto P\u00e9rez (a) Jabal\u00ed, residente en el sector Hainamosa, municipio Santo Domingo Este.<\/p>\n<p style=\"text-align: justify;\">Al momento de su detenci\u00f3n, se le ocup\u00f3 la pistola marca Glock, calibre 9 mil\u00edmetros, serie BHNA936, con su cargador; una mochila con dos cargadores para pistola de 30, con 49 c\u00e1psulas; una bomba lacrim\u00f3gena; cinco porciones de marihuana, dos unidades de un material rocoso amarillo y otra azul, presumiblemente \u00e9xtasis, un pasamonta\u00f1a y un celular.<\/p>\n<p style=\"text-align: justify;\">La instituci\u00f3n del orden precis\u00f3 que una persona tambi\u00e9n fue detenida para fines de investigaci\u00f3n, quien se encontraba en el lugar donde fue arrestado Jabal\u00ed.<\/p>\n<p style=\"text-align: justify;\"><strong>Casos pendientes por homicidio<\/strong><\/p>\n<p style=\"text-align: justify;\">P\u00e9rez (a) Jabal\u00ed era buscado mediante la orden de arresto No. 530-2021 EMES-01201, por haberle ocasionado la muerte junto a otros individuos al mayor paraca\u00eddista Carlos Eugenio De Los Santos Vicioso, FARD y su hermano Cristian Alberto De Los Santos Vicioso. En esa escena tambi\u00e9n result\u00f3 herido un primo hermano de estos, Francis Radham\u00e9s Vicioso P\u00e9rez, en un hecho ocurrido en fecha 17 de Julio del 2021, en el sector La Ure\u00f1a, Santo Domingo Este.<\/p>\n<p style=\"text-align: justify;\">Adem\u00e1s, tiene en su contra la orden judicial No. 530-2020-EMES-01004, por ser uno de los presuntos autores de ultimar por proyectil de arma de fuego al alem\u00e1n Roth Jochen, en un hecho registrado el 17 de enero del 2020, en el sector de Lucerna del referido municipio.<\/p>\n<p style=\"text-align: justify;\">Tambi\u00e9n tiene la orden No. 530-2022-EMES-00-237, por la muerte del se\u00f1or Ram\u00f3n Flori\u00e1n Flori\u00e1n, el 28 de enero del 2022, en el sector de Villa Liberaci\u00f3n, Santo Domingo Este; era buscado por el homicidio de Alex Gonz\u00e1lez Adames, de 30 a\u00f1os, en el citado sector, en un hecho ocurrido el 7 de julio del 2021.<\/p>\n<p style=\"text-align: justify;\">Asimismo, era buscado por la muerte del pastor evang\u00e9lico Samuel N\u00fa\u00f1ez Cruz, de 49 a\u00f1os, ocurrida en el sector La Ure\u00f1a, el 14 de octubre del 2022, hecho en el cual result\u00f3 herida por arma de fuego la joven Escalen Jorge Ma\u00f1\u00f3n, de 19 a\u00f1os.<\/p>\n<p style=\"text-align: justify;\"><strong>Personas heridas<\/strong><\/p>\n<p style=\"text-align: justify;\">El detenido ten\u00eda en su contra orden de arresto por las heridas de bala ocasionadas a los cabos policiales Carlitos Pierre Yunior, y Yeimy Dariel Fortuna de la Cruz, ambos de 30 a\u00f1os, hecho ocurrido el 27 de febrero del 2021. Tambi\u00e9n fue herido el cabo Estarlin Alberto Florentino Mercedes, de 31 a\u00f1os, el 25 de julio del 2022.<\/p>\n<p style=\"text-align: justify;\">Asimismo, \u201cJabal\u00ed\u201d era buscado por las heridas de bala ocasionadas al sargento Roque Tineo Aquino, de 29 a\u00f1os, y el raso Luis Felipe Almonte Jos\u00e9, de 23, ocurrido el 15 de mayo del 2022.<\/p>\n<p style=\"text-align: justify;\">De igual manera, hiri\u00f3 a Martha Valenzuela Taveras, de 29 a\u00f1os, durante un conflicto con otros hombres vinculados a la venta de sustancias narc\u00f3ticas, el 23 de noviembre del 2019, en el sector El Almirante, Santo Domingo Este.<\/p>\n<p style=\"text-align: justify;\">Tambi\u00e9n era buscado por las heridas ocasionadas a Wander Paniagua Hern\u00e1ndez (a) Yeiron, y a Miguel \u00c1ngel Alc\u00e1ntara de Le\u00f3n (a) Migue, el 27 de marzo del 2022.<\/p>\n<p style=\"text-align: justify;\">El apresamiento de Thomas Alberto P\u00e9rez (a) Jabal\u00ed fue realizado bajo las instrucciones precisas del director general de la Polic\u00eda Nacional, mayor general Eduardo Alberto Then, con el fin de solucionar los casos pendientes y garantizar la seguridad ciudadana.<\/p>\n<p style=\"text-align: justify;\">El detenido y lo ocupado fueron enviados ante el Ministerio P\u00fablico de la correspondientes, para los fines legales correspondientes<\/p>\n<p>&nbsp;<\/p>\n<p>Fuente: Noticias del Cibao<\/p>\n","protected":false},"excerpt":{"rendered":"<p>La Polic\u00eda Nacional inform\u00f3 que un reconocido delincuente capturado por agentes, adscritos a la Direcci\u00f3n<\/p>\n","protected":false},"author":1,"featured_media":0,"comment_status":"open","ping_status":"open","sticky":false,"template":"","format":"standard","meta":{"footnotes":""},"categories":[7],"tags":[],"class_list":["post-4647","post","type-post","status-publish","format-standard","hentry","category-nacionales"],"_links":{"self":[{"href":"https:\/\/defrentealaverdad.com\/index.php\/wp-json\/wp\/v2\/posts\/4647","targetHints":{"allow":["GET"]}}],"collection":[{"href":"https:\/\/defrentealaverdad.com\/index.php\/wp-json\/wp\/v2\/posts"}],"about":[{"href":"https:\/\/defrentealaverdad.com\/index.php\/wp-json\/wp\/v2\/types\/post"}],"author":[{"embeddable":true,"href":"https:\/\/defrentealaverdad.com\/index.php\/wp-json\/wp\/v2\/users\/1"}],"replies":[{"embeddable":true,"href":"https:\/\/defrentealaverdad.com\/index.php\/wp-json\/wp\/v2\/comments?post=4647"}],"version-history":[{"count":1,"href":"https:\/\/defrentealaverdad.com\/index.php\/wp-json\/wp\/v2\/posts\/4647\/revisions"}],"predecessor-version":[{"id":4648,"href":"https:\/\/defrentealaverdad.com\/index.php\/wp-json\/wp\/v2\/posts\/4647\/revisions\/4648"}],"wp:attachment":[{"href":"https:\/\/defrentealaverdad.com\/index.php\/wp-json\/wp\/v2\/media?parent=4647"}],"wp:term":[{"taxonomy":"category","embeddable":true,"href":"https:\/\/defrentealaverdad.com\/index.php\/wp-json\/wp\/v2\/categories?post=4647"},{"taxonomy":"post_tag","embeddable":true,"href":"https:\/\/defrentealaverdad.com\/index.php\/wp-json\/wp\/v2\/tags?post=4647"}],"curies":[{"name":"wp","href":"https:\/\/api.w.org\/{rel}","templated":true}]}}