{"id":4644,"date":"2023-04-27T20:09:39","date_gmt":"2023-04-27T20:09:39","guid":{"rendered":"https:\/\/defrentealaverdad.com\/?p=4644"},"modified":"2023-04-27T20:09:39","modified_gmt":"2023-04-27T20:09:39","slug":"teleferico-de-los-alcarrizos-entra-en-funcionamiento-desde-el-proximo-lunes","status":"publish","type":"post","link":"https:\/\/defrentealaverdad.com\/index.php\/2023\/04\/27\/teleferico-de-los-alcarrizos-entra-en-funcionamiento-desde-el-proximo-lunes\/","title":{"rendered":"Telef\u00e9rico de Los Alcarrizos entra en funcionamiento desde el pr\u00f3ximo lunes"},"content":{"rendered":"<p style=\"text-align: justify;\"><strong>El presidente Luis\u00a0 Abinader inaugurar\u00e1 las operaciones de la segunda l\u00ednea del sistema de transporte por cables, o Telef\u00e9rico de Santo Domingo. En la foto, una de las cabinas del Telef\u00e9rico.<\/strong><\/p>\n<p><img decoding=\"async\" class=\"aligncenter lazyload\" data-src=\"https:\/\/blogger.googleusercontent.com\/img\/b\/R29vZ2xl\/AVvXsEjEjCm3NWwxJ9EsO1XXEG1u3Il_C2veMk0Svvt2tmoDSpW9PAH8hqOL-3yPbljigDpaBWELWTc6FGEKH6pgC6jkL4KiBZlACe04LpSxkI1aY29T30HuDR3PfPRvaPtt2_tkGLTERImY1EB_7KclK1pXbmYn7mxHA6gJc29o0dg06RG13X1Bq1oh-pdr\/w640-h426\/Telerico%2022.jpeg\" src=\"data:image\/svg+xml;base64,PHN2ZyB3aWR0aD0iMSIgaGVpZ2h0PSIxIiB4bWxucz0iaHR0cDovL3d3dy53My5vcmcvMjAwMC9zdmciPjwvc3ZnPg==\" \/><\/p>\n<p style=\"font-weight: 400; text-align: justify;\"><strong>Los Alcarrizos, provincia Santo Domingo.-\u00a0<\/strong>Este lunes 01 de mayo el presidente Luis Abinader dejar\u00e1 iniciadas las operaciones de la segunda L\u00ednea del Telef\u00e9rico de Santo Domingo en Los Alcarrizos.<\/p>\n<p style=\"font-weight: 400; text-align: justify;\">Seg\u00fan inform\u00f3 Presidencia en una nota de prensa, tras culminar el per\u00edodo de prueba reglamentado y obtener la certificaci\u00f3n internacional que avala las operaciones de este tipo de sistema de transporte urbano, est\u00e1 todo listo para que las 4 estaciones del sistema y sus 163 cabinas inicien a darles servicio a la ciudadan\u00eda.<\/p>\n<p style=\"font-weight: 400; text-align: justify;\">La L\u00ednea 2 del Telef\u00e9rico de Santo Domingo est\u00e1 compuesto por las estaciones: Los Alcarrizos, Las Toronjas, Puente Blanco y Los Americanos.<\/p>\n<p style=\"font-weight: 400; text-align: justify;\">Adem\u00e1s de un Garaje de Cabinas, 25 Pilonas, 163 Cabinas.<\/p>\n<p style=\"font-weight: 400; text-align: justify;\">Cubre una distancia de 4.20 kil\u00f3metros que recorre a una velocidad de 7 m\/s, logrando hacer el trayecto completo entre las 4 estaci\u00f3n es en apenas 15 minutos.<\/p>\n<p style=\"font-weight: 400; text-align: justify;\">El sistema monocable de pinzas desembragables tendr\u00e1 una capacidad de 4,500 pasajeros por hora por sentido (pphps).<\/p>\n<p style=\"font-weight: 400; text-align: justify;\">El objetivo de esta segunda l\u00ednea, seg\u00fan explicaron las autoridades, es dotar el municipio de un servicio de transporte colectivo, que mejore la movilidad interior del sector y permita la conexi\u00f3n con otros modos de transporte, permitiendo que los ciudadanos de esta zona puedan desplazarse a realizar sus actividades de trabajo, estudio, ocio y compras en un modo de transporte de calidad, r\u00e1pido, c\u00f3modo, seguro, regular, inclusivo y con un bajo impacto ambiental, impactando de manera directa a alrededor de 400,000 personas.<\/p>\n<p style=\"font-weight: 400; text-align: justify;\"><strong>En la foto, una de las zonas de la l\u00ednea 2 del Telef\u00e9rico de Santo Domingo.<\/strong><\/p>\n<p style=\"font-weight: 400; text-align: justify;\">Una nota de prensa enviada a este medio digital detalla que el equipo social de URBE contin\u00faa trabajando en un proceso de sensibilizaci\u00f3n y educaci\u00f3n a los ciudadanos del referido municipio a trav\u00e9s de las visitas a escuelas, centros laborales como la zona franca, asociaciones de comerciantes, juntas de vecinos, entre otros grupos poblacionales, explicando sobre el uso del sistema de transporte por cable, sus caracter\u00edsticas, formas de funcionamiento y las normas de usuarios.<\/p>\n<p>&nbsp;<\/p>\n<p>&nbsp;<\/p>\n<p>Fuente: NotiGlobal RD<\/p>\n","protected":false},"excerpt":{"rendered":"<p>El presidente Luis\u00a0 Abinader inaugurar\u00e1 las operaciones de la segunda l\u00ednea del sistema de transporte<\/p>\n","protected":false},"author":1,"featured_media":0,"comment_status":"open","ping_status":"open","sticky":false,"template":"","format":"standard","meta":{"footnotes":""},"categories":[7],"tags":[],"class_list":["post-4644","post","type-post","status-publish","format-standard","hentry","category-nacionales"],"_links":{"self":[{"href":"https:\/\/defrentealaverdad.com\/index.php\/wp-json\/wp\/v2\/posts\/4644","targetHints":{"allow":["GET"]}}],"collection":[{"href":"https:\/\/defrentealaverdad.com\/index.php\/wp-json\/wp\/v2\/posts"}],"about":[{"href":"https:\/\/defrentealaverdad.com\/index.php\/wp-json\/wp\/v2\/types\/post"}],"author":[{"embeddable":true,"href":"https:\/\/defrentealaverdad.com\/index.php\/wp-json\/wp\/v2\/users\/1"}],"replies":[{"embeddable":true,"href":"https:\/\/defrentealaverdad.com\/index.php\/wp-json\/wp\/v2\/comments?post=4644"}],"version-history":[{"count":1,"href":"https:\/\/defrentealaverdad.com\/index.php\/wp-json\/wp\/v2\/posts\/4644\/revisions"}],"predecessor-version":[{"id":4645,"href":"https:\/\/defrentealaverdad.com\/index.php\/wp-json\/wp\/v2\/posts\/4644\/revisions\/4645"}],"wp:attachment":[{"href":"https:\/\/defrentealaverdad.com\/index.php\/wp-json\/wp\/v2\/media?parent=4644"}],"wp:term":[{"taxonomy":"category","embeddable":true,"href":"https:\/\/defrentealaverdad.com\/index.php\/wp-json\/wp\/v2\/categories?post=4644"},{"taxonomy":"post_tag","embeddable":true,"href":"https:\/\/defrentealaverdad.com\/index.php\/wp-json\/wp\/v2\/tags?post=4644"}],"curies":[{"name":"wp","href":"https:\/\/api.w.org\/{rel}","templated":true}]}}