{"id":4642,"date":"2023-04-27T20:07:36","date_gmt":"2023-04-27T20:07:36","guid":{"rendered":"https:\/\/defrentealaverdad.com\/?p=4642"},"modified":"2023-04-27T20:07:36","modified_gmt":"2023-04-27T20:07:36","slug":"el-srsm-investigara-denuncia-de-enfermera","status":"publish","type":"post","link":"https:\/\/defrentealaverdad.com\/index.php\/2023\/04\/27\/el-srsm-investigara-denuncia-de-enfermera\/","title":{"rendered":"El SRSM investigar\u00e1 denuncia de enfermera"},"content":{"rendered":"<p style=\"text-align: justify;\">Por Felix Rubio<\/p>\n<p style=\"text-align: justify;\"><img decoding=\"async\" class=\"aligncenter lazyload\" data-src=\"https:\/\/idmphsmkuxkn.compat.objectstorage.us-ashburn-1.oraclecloud.com\/cdn-bucket\/uploads\/2023\/04\/Hospital-responde.jpg\" alt=\"Servicio Regional de Salud designa comisi\u00f3n para investigar denuncia de enfermera\" src=\"data:image\/svg+xml;base64,PHN2ZyB3aWR0aD0iMSIgaGVpZ2h0PSIxIiB4bWxucz0iaHR0cDovL3d3dy53My5vcmcvMjAwMC9zdmciPjwvc3ZnPg==\" \/><\/p>\n<p style=\"text-align: justify;\">Santo Domingo, RD. \u2013El Servicio Regional de Salud Metropolitano (SRSM) trabaja en favor de los usuarios y los colaboradores, con el objetivo de asegurar que siempre se cumplan y respeten sus derechos y deberes, tal como establecen las normas protocolares e institucionales.<br \/>\nEn ese sentido, el SRSM, investigar\u00e1 la denuncia hecha por una enfermera del hospital municipal de Boca Chica (viejo), sobre el trato dice recibi\u00f3 por parte de la direcci\u00f3n del centro asistencial.<\/p>\n<p style=\"text-align: justify;\">\nLa propia enfermera indica en un video que circula en las redes sociales que fue convocada a acudir a su puesto de trabajo por parte de la Direcci\u00f3n, aun cuando afirma ella ten\u00eda un acuerdo con otra compa\u00f1era de labores para que le cubriera el d\u00eda.<\/p>\n<p style=\"text-align: justify;\">\n\u201cEn el SRSM realizamos los aprestos para verificar la situaci\u00f3n descrita y la realidad de lo ocurrido, para buscar la soluci\u00f3n que amerita el caso\u201d, indic\u00f3 el doctor Edisson F\u00e9liz F\u00e9liz, director del SRSM.<\/p>\n<p style=\"text-align: justify;\">\nFeliz F\u00e9liz resalt\u00f3 que \u201cestamos comprometidos con mantener un clima laboral adecuado en beneficio del bienestar de los usuarios\u201d.<\/p>\n<p style=\"text-align: justify;\">\n<p style=\"text-align: justify;\">\n<p style=\"text-align: justify;\">Fuente: Gerencia de Comunicaci\u00f3n Estrat\u00e9gica SRSM<\/p>\n","protected":false},"excerpt":{"rendered":"<p>Por Felix Rubio Santo Domingo, RD. \u2013El Servicio Regional de Salud Metropolitano (SRSM) trabaja en<\/p>\n","protected":false},"author":1,"featured_media":0,"comment_status":"open","ping_status":"open","sticky":false,"template":"","format":"standard","meta":{"footnotes":""},"categories":[7,221],"tags":[],"class_list":["post-4642","post","type-post","status-publish","format-standard","hentry","category-nacionales","category-salud"],"_links":{"self":[{"href":"https:\/\/defrentealaverdad.com\/index.php\/wp-json\/wp\/v2\/posts\/4642","targetHints":{"allow":["GET"]}}],"collection":[{"href":"https:\/\/defrentealaverdad.com\/index.php\/wp-json\/wp\/v2\/posts"}],"about":[{"href":"https:\/\/defrentealaverdad.com\/index.php\/wp-json\/wp\/v2\/types\/post"}],"author":[{"embeddable":true,"href":"https:\/\/defrentealaverdad.com\/index.php\/wp-json\/wp\/v2\/users\/1"}],"replies":[{"embeddable":true,"href":"https:\/\/defrentealaverdad.com\/index.php\/wp-json\/wp\/v2\/comments?post=4642"}],"version-history":[{"count":1,"href":"https:\/\/defrentealaverdad.com\/index.php\/wp-json\/wp\/v2\/posts\/4642\/revisions"}],"predecessor-version":[{"id":4643,"href":"https:\/\/defrentealaverdad.com\/index.php\/wp-json\/wp\/v2\/posts\/4642\/revisions\/4643"}],"wp:attachment":[{"href":"https:\/\/defrentealaverdad.com\/index.php\/wp-json\/wp\/v2\/media?parent=4642"}],"wp:term":[{"taxonomy":"category","embeddable":true,"href":"https:\/\/defrentealaverdad.com\/index.php\/wp-json\/wp\/v2\/categories?post=4642"},{"taxonomy":"post_tag","embeddable":true,"href":"https:\/\/defrentealaverdad.com\/index.php\/wp-json\/wp\/v2\/tags?post=4642"}],"curies":[{"name":"wp","href":"https:\/\/api.w.org\/{rel}","templated":true}]}}