{"id":4632,"date":"2023-04-27T15:18:37","date_gmt":"2023-04-27T15:18:37","guid":{"rendered":"https:\/\/defrentealaverdad.com\/?p=4632"},"modified":"2023-04-27T15:18:37","modified_gmt":"2023-04-27T15:18:37","slug":"fausto-cruz-de-la-mota-el-asesino-de-orlando-jorge-mera-es-condenado-a-30-anos-de-prision","status":"publish","type":"post","link":"https:\/\/defrentealaverdad.com\/index.php\/2023\/04\/27\/fausto-cruz-de-la-mota-el-asesino-de-orlando-jorge-mera-es-condenado-a-30-anos-de-prision\/","title":{"rendered":"Fausto Cruz de la Mota, el asesino de Orlando Jorge Mera es condenado a 30 a\u00f1os de prisi\u00f3n"},"content":{"rendered":"<p><img decoding=\"async\" data-src=\"https:\/\/blogger.googleusercontent.com\/img\/b\/R29vZ2xl\/AVvXsEgc6nyTxv7VAy634lQM280F7rEDOfhe03U89bZbPlNl9gA-lNr9wkRkdMmJFH-pnm2iMsk_6sBdeCwdJgZFqUoyP1cB_Xj0n2VbZ_ijPb9k4Kwg_cUGZK9YF3fgMSx_rGH-I2Get-IgmDVQAu5zKC1aYpq_JB9mYjp12ppu5x5UdXIU6-NupqBA5VQ6\/w640-h410\/Asesino%20de%20Orlando.jpg\" src=\"data:image\/svg+xml;base64,PHN2ZyB3aWR0aD0iMSIgaGVpZ2h0PSIxIiB4bWxucz0iaHR0cDovL3d3dy53My5vcmcvMjAwMC9zdmciPjwvc3ZnPg==\" class=\"lazyload\" \/><\/p>\n<p>Santo Domingo.- Fausto Miguel Cruz de la Mota, confeso asesino del ministro de Medio Ambiente y Recursos Naturales Orlando Jorge Mera, fue condenado la noche de este mi\u00e9rcoles a la pena m\u00e1xima del pa\u00eds, que son 30 a\u00f1os de c\u00e1rcel. Tambi\u00e9n deber\u00e1 pagar a los familiares de la v\u00edctima 50 millones de pesos como compensaci\u00f3n.<\/p>\n<p>Keyla P\u00e9rez Santana, El\u00edas Santini y Arisleidy M\u00e9ndez, jueces del Cuarto Tribunal Colegiado de la C\u00e1mara Penal del Distrito Nacional, acogieron la petici\u00f3n de condena a 30 a\u00f1os planteada en sus conclusiones y presentaci\u00f3n de pruebas del Ministerio P\u00fablico.<\/p>\n<p>Los magistrados consideraron que el crimen fue un asesinato, porque fue premeditado, al decir Cruz de la Mota d\u00edas antes, que iba a matar Jorge Mera.<\/p>\n<p>El Ministerio P\u00fablico, en sus conclusiones de defensa, sustent\u00f3 una serie de evidencias que incluyeron 10 testigos, documentos y pruebas materiales, como el arma de fuego utilizada para ultimar el funcionario.<\/p>\n<p>Durante el juicio de fondo, \u00abCarandai\u00bb, como se le apoda al criminal, se mantuvo diciendo que solo hizo tres disparos contra el funcionario, quien era su amigo. Sin embargo, este mi\u00e9rcoles el Ministerio P\u00fablico llev\u00f3 peritos de la Polic\u00eda Nacional que afirmaron que, en la escena del crimen, el despacho de Jorge Mera en el Ministerio de Medio Ambiente, se realizaron trece disparos. Los testigos plantearon que Fausto Miguel Cruz de la Mota utiliz\u00f3 una pistola Tauro 9mm cuyo cargador toma 15 balas.<\/p>\n<p>La lectura \u00edntegra de la sentencia ser\u00e1 ofrecida por el tribunal el pr\u00f3ximo 18 de mayo.<\/p>\n<p>El d\u00eda en que ocurri\u00f3 el hecho.- La ma\u00f1ana del 6 de junio del a\u00f1o 2022, el alto dirigente del Partido Revolucionario Moderno (PRM), delegado pol\u00edtico de esa organizaci\u00f3n ante la Junta Central Electoral (JCE) y ministro de Medio Ambiente, Orlando Jorge Mera, muri\u00f3 tras recibir m\u00faltiples disparos de su \u00abamigo personal\u00bb Fausto Miguel Cruz de la Mota, luego de \u00e9ste entrar a su oficina.<\/p>\n<p>La noticia estremeci\u00f3 la sociedad dominicana y sembr\u00f3 el p\u00e1nico en la sede del Ministerio de Medio Ambiente, donde personas saltaban por las verjas porque tem\u00edan que el autor del hecho siguiera disparando.<\/p>\n<p>Tras la escena, Fausto Miguel Cruz sali\u00f3 corriendo por los pasillos del edificio y recorri\u00f3, en un \u201cmotoconcho\u201d, varios kil\u00f3metros hasta a la Parroquia Sumo y Eterno Sacerdote, del sector Renacimiento, en el Distrito Nacional, donde confes\u00f3 al padre Jos\u00e9 Arismendi de Le\u00f3n Helena: \u00abmat\u00e9 a una persona\u00bb, y le entreg\u00f3 el arma homicida.<\/p>\n<p>Hasta el templo lleg\u00f3 la procuradora adjunta Yeni Berenice Reynoso; el mayor general director de la Polic\u00eda Nacional, Eduardo Alberto Then, y el general Amauri Tejada Cruz, titular de la Direcci\u00f3n Central de Investigaci\u00f3n (Dicrim). Bajo un fuerte contingente policial y militar el asesino fue conducido a la c\u00e1rcel.<\/p>\n<p>En la foto, a la salida del Tribunal, el diputado Orlando Jorge Villegas, dijo del fenecido Orlando Jorge Mera.<\/p>\n<p>\u00abCerramos un cap\u00edtulo\u00bb.- \u00abHoy cerramos un cap\u00edtulo de este proceso, reiterando que cuando fallece un familiar, sobre todo cuando fallece de esta manera, el dolor no se supera, pero al cerrar esta etapa, concluimos este proceso, hemos continuado como \u00e9l lo hubiese querido\u00bb, expres\u00f3 tras la sentencia, Orlando Jorge Villegas, hijo del fenecido ministro.<\/p>\n<p>De su lado, Dilia Leticia, \u00fanica hermana de Jorge Mera, manifest\u00f3: \u00abEs en cierto punto reconfortante saber que al menos aqu\u00ed en la tierra se est\u00e1 haciendo justicia en estos momentos, Orlando como dije ah\u00ed, ya no est\u00e1 f\u00edsicamente con nosotros, pero permanecer\u00e1 siempre en nuestros corazones, en nuestro accionar, manteniendo en alto nuestra frente como siempre lo hemos hecho como familia y as\u00ed seguiremos haciendo, honrando su memoria, y la memoria de mi pap\u00e1 Salvador Jorge Blanco y de mi madre Asela Mera de Jorge\u00bb.<\/p>\n<p>Sobre la compensaci\u00f3n econ\u00f3mica de RD$50 millones que el tribunal, la familia de Jorge Mera ha dicho que donar\u00e1 este dinero. No quiere un centavo de manos del confeso asesino.<\/p>\n<p>La \u00faltima rendici\u00f3n de cuentas.- Miguel Valerio, abogado de la familia de Orlando Jorge Mera, expres\u00f3 que este caso que termin\u00f3 con la condena m\u00e1xima de 30 a\u00f1os de prisi\u00f3n contra el asesino del exministro de Medio Ambiente \u00abes su \u00faltima rendici\u00f3n de cuentas\u00bb.<\/p>\n<p>\u00abCon esta condena se demostr\u00f3 que aqu\u00ed lo que se detuvo fue un acto de corrupci\u00f3n y tr\u00e1fico de influencias que pretend\u00eda el se\u00f1or Fausto Miguel Cruz, quien entend\u00eda que el Ministerio de Medio Ambiente era de su propiedad\u00bb, expres\u00f3 Valerio.<\/p>\n<p>Manifest\u00f3 que con esta sentencia se detuvo a un abusador. \u00abEsto sirve para todo el que hace pol\u00edtica, que no entiendan que van a ir a exfoliar el Estado\u00bb, enfatiz\u00f3 el jurista al salir de la sala de audiencias.<\/p>\n<p>Orlando Jorge Mera no le otorg\u00f3 a Cruz un permiso a una empresa vinculada con el victimario para exportar cinco mil toneladas de bater\u00edas usadas, seg\u00fan lo establecen las acusaciones del Ministerio P\u00fablico contra el imputado.<\/p>\n<p>El jurista plante\u00f3 que esta sentencia deja sentimientos encontrados porque hay satisfacci\u00f3n de haber hecho justicia por el exfuncionario.<\/p>\n<p>Lament\u00f3 que el condenado no muestre todav\u00eda ning\u00fan arrepentimiento.<\/p>\n<p>&nbsp;<\/p>\n<p>Fuente: Notiglobal RD<\/p>\n<p>&nbsp;<\/p>\n","protected":false},"excerpt":{"rendered":"<p>Santo Domingo.- Fausto Miguel Cruz de la Mota, confeso asesino del ministro de Medio Ambiente<\/p>\n","protected":false},"author":1,"featured_media":0,"comment_status":"open","ping_status":"open","sticky":false,"template":"","format":"standard","meta":{"footnotes":""},"categories":[7],"tags":[],"class_list":["post-4632","post","type-post","status-publish","format-standard","hentry","category-nacionales"],"_links":{"self":[{"href":"https:\/\/defrentealaverdad.com\/index.php\/wp-json\/wp\/v2\/posts\/4632","targetHints":{"allow":["GET"]}}],"collection":[{"href":"https:\/\/defrentealaverdad.com\/index.php\/wp-json\/wp\/v2\/posts"}],"about":[{"href":"https:\/\/defrentealaverdad.com\/index.php\/wp-json\/wp\/v2\/types\/post"}],"author":[{"embeddable":true,"href":"https:\/\/defrentealaverdad.com\/index.php\/wp-json\/wp\/v2\/users\/1"}],"replies":[{"embeddable":true,"href":"https:\/\/defrentealaverdad.com\/index.php\/wp-json\/wp\/v2\/comments?post=4632"}],"version-history":[{"count":1,"href":"https:\/\/defrentealaverdad.com\/index.php\/wp-json\/wp\/v2\/posts\/4632\/revisions"}],"predecessor-version":[{"id":4633,"href":"https:\/\/defrentealaverdad.com\/index.php\/wp-json\/wp\/v2\/posts\/4632\/revisions\/4633"}],"wp:attachment":[{"href":"https:\/\/defrentealaverdad.com\/index.php\/wp-json\/wp\/v2\/media?parent=4632"}],"wp:term":[{"taxonomy":"category","embeddable":true,"href":"https:\/\/defrentealaverdad.com\/index.php\/wp-json\/wp\/v2\/categories?post=4632"},{"taxonomy":"post_tag","embeddable":true,"href":"https:\/\/defrentealaverdad.com\/index.php\/wp-json\/wp\/v2\/tags?post=4632"}],"curies":[{"name":"wp","href":"https:\/\/api.w.org\/{rel}","templated":true}]}}