{"id":4630,"date":"2023-04-27T15:15:41","date_gmt":"2023-04-27T15:15:41","guid":{"rendered":"https:\/\/defrentealaverdad.com\/?p=4630"},"modified":"2023-04-27T15:15:41","modified_gmt":"2023-04-27T15:15:41","slug":"scj-impone-prision-preventiva-a-dos-solicitados-en-extradicion-por-holanda","status":"publish","type":"post","link":"https:\/\/defrentealaverdad.com\/index.php\/2023\/04\/27\/scj-impone-prision-preventiva-a-dos-solicitados-en-extradicion-por-holanda\/","title":{"rendered":"SCJ impone prisi\u00f3n preventiva a dos solicitados en extradici\u00f3n por Holanda"},"content":{"rendered":"<div id=\"mvp-post-feat-img\" class=\"left relative mvp-post-feat-img-wide2\" style=\"text-align: justify;\"><img decoding=\"async\" class=\"attachment- size- wp-post-image lazyload\" data-src=\"https:\/\/www.ultimasnoticias.com.do\/wp-content\/uploads\/2016\/08\/SUPREMA.jpg\" alt=\"\" width=\"360\" height=\"140\" src=\"data:image\/svg+xml;base64,PHN2ZyB3aWR0aD0iMSIgaGVpZ2h0PSIxIiB4bWxucz0iaHR0cDovL3d3dy53My5vcmcvMjAwMC9zdmciPjwvc3ZnPg==\" style=\"--smush-placeholder-width: 360px; --smush-placeholder-aspect-ratio: 360\/140;\" \/><\/div>\n<div id=\"mvp-content-wrap\" class=\"left relative\">\n<div id=\"mvp-content-body\" class=\"left relative\">\n<div id=\"mvp-content-body-top\" class=\"left relative\">\n<div id=\"mvp-content-main\" class=\"left relative\">\n<p style=\"text-align: justify;\">\n<p style=\"text-align: justify;\">SANTO DOMINGO, Rep\u00fablica Dominicana.- La Segunda Sala de la Suprema Corte de Justicia impuso prisi\u00f3n preventiva a dos de tres extranjeros, hasta que sea conocida la audiencia del pedido de extradici\u00f3n solicitada por el Reino de los Pa\u00edses Bajos.<\/p>\n<p style=\"text-align: justify;\">El tribunal, formado por los jueces Francisco Jerez Mena, Nancy Salcedo y Mar\u00eda Garabito, dict\u00f3 la prisi\u00f3n preventiva en contra de los holandeses Dennis Goedee y Terence Angelo Richard de VVries, quienes deber\u00e1n cumplir la medida cautelar en el Centro de Correcci\u00f3n y Rehabilitaci\u00f3n Najayo Hombres.<\/p>\n<p style=\"text-align: justify;\">En el caso del tambien neerland\u00e9s Urvin Laurence Wawoe, alias Nuto, la audiencia de medida de coerci\u00f3n fue suspendida a solicitud de su defensa t\u00e9cnica, misma que fue pautada por el tribunal para el pr\u00f3ximo mi\u00e9rcoles 3 de mayo, a las 11 de la ma\u00f1ana.<\/p>\n<p style=\"text-align: justify;\">En tanto que la audiencia para conocer la solicitud de extradici\u00f3n fue fijada por los jueces para el d\u00eda 13 de junio del presente a\u00f1o, a las 11 de la ma\u00f1ana.<\/p>\n<p style=\"text-align: justify;\">Los tres extranjeros fueron arrestados en un operativo realizado por la Procuradur\u00eda General de la Rep\u00fablica (PGR) en coordinaci\u00f3n con la Direcci\u00f3n Nacional de Control de Drogas (DNCD) y con el apoyo de las agencias de Inteligencia del Estado, por su vinculaci\u00f3n a las estructuras criminales Mocro Maffia y No Limit Soldier, acusados de narcotr\u00e1fico, tr\u00e1fico de armas, asesinatos y otros delitos en el Reino de los Pa\u00edses Bajos.<\/p>\n<p style=\"text-align: justify;\">A Goeede las autoridades lo arrestaron en la calle Bohech\u00edo, del Ensanche Quisqueya, en compa\u00f1\u00eda de un hombre y una mujer, quienes est\u00e1n bajo investigaci\u00f3n.<\/p>\n<p style=\"text-align: justify;\">Goeede forma parte de una poderosa estructura criminal, \u201cLa Mocro Mafia\u201d, que opera en Holanda, y fue capturado para fines de extradici\u00f3n mediante la orden n\u00famero 001-022-2022-SOEX-00028, emitida por la Suprema Corte de Justicia.<\/p>\n<p style=\"text-align: justify;\">El miembro de \u201cLa Macro Mafia\u201d, quien se encontraba en libertad condicional por su vinculaci\u00f3n al narcotr\u00e1fico y lavado de activos, no respet\u00f3 esta condici\u00f3n y logr\u00f3 introducir m\u00e1s de dos toneladas de coca\u00edna a los Pa\u00edses Bajos.<\/p>\n<p style=\"text-align: justify;\">Otro de los extraditables, Urvin Laurence Wawoe, alias Nuto, fue arrestado en un apartamento de la Torre Villa Palmera, de la calle General Cambiazo, del Ensanche Naco.<\/p>\n<p style=\"text-align: justify;\">El imputado, miembro y l\u00edder de la red criminal No Limit Soldier, fue arrestado mediante la orden n\u00famero 001-022-2023-SRES-00242, a los fines de ser extraditado por siete cargos, entre ellos, sicariato, tr\u00e1fico de armas, narcotr\u00e1fico y lavado de activos.<\/p>\n<p style=\"text-align: justify;\">En cuanto a Terence Angelo Richard de Vries, el tercer extraditable, fue arrestado en un apartamento en la calle General Cambiazo, de la Torre Shalom III, Ensanche Naco, donde fue detenido en la azotea del edificio, cuando intentaba escapar.<\/p>\n<p style=\"text-align: justify;\">El holand\u00e9s, quien forma parte de esta estructura criminal, fue apresado para fines de extradici\u00f3n mediante la orden 001-022-2023-SOEX-00004, bajo la acusaci\u00f3n de narcotr\u00e1fico y lavado de activos.<\/p>\n<p style=\"text-align: justify;\">Las autoridades mantienen una estrecha colaboraci\u00f3n con los pa\u00edses aliados, lo que ha permitido arrestar en el territorio dominicano a estos peligrosos pr\u00f3fugos.<\/p>\n<\/div>\n<\/div>\n<p>Fuente: Externa<\/p>\n<\/div>\n<\/div>\n","protected":false},"excerpt":{"rendered":"<p>SANTO DOMINGO, Rep\u00fablica Dominicana.- La Segunda Sala de la Suprema Corte de Justicia impuso prisi\u00f3n<\/p>\n","protected":false},"author":1,"featured_media":0,"comment_status":"open","ping_status":"open","sticky":false,"template":"","format":"standard","meta":{"footnotes":""},"categories":[16],"tags":[],"class_list":["post-4630","post","type-post","status-publish","format-standard","hentry","category-internacionales"],"_links":{"self":[{"href":"https:\/\/defrentealaverdad.com\/index.php\/wp-json\/wp\/v2\/posts\/4630","targetHints":{"allow":["GET"]}}],"collection":[{"href":"https:\/\/defrentealaverdad.com\/index.php\/wp-json\/wp\/v2\/posts"}],"about":[{"href":"https:\/\/defrentealaverdad.com\/index.php\/wp-json\/wp\/v2\/types\/post"}],"author":[{"embeddable":true,"href":"https:\/\/defrentealaverdad.com\/index.php\/wp-json\/wp\/v2\/users\/1"}],"replies":[{"embeddable":true,"href":"https:\/\/defrentealaverdad.com\/index.php\/wp-json\/wp\/v2\/comments?post=4630"}],"version-history":[{"count":1,"href":"https:\/\/defrentealaverdad.com\/index.php\/wp-json\/wp\/v2\/posts\/4630\/revisions"}],"predecessor-version":[{"id":4631,"href":"https:\/\/defrentealaverdad.com\/index.php\/wp-json\/wp\/v2\/posts\/4630\/revisions\/4631"}],"wp:attachment":[{"href":"https:\/\/defrentealaverdad.com\/index.php\/wp-json\/wp\/v2\/media?parent=4630"}],"wp:term":[{"taxonomy":"category","embeddable":true,"href":"https:\/\/defrentealaverdad.com\/index.php\/wp-json\/wp\/v2\/categories?post=4630"},{"taxonomy":"post_tag","embeddable":true,"href":"https:\/\/defrentealaverdad.com\/index.php\/wp-json\/wp\/v2\/tags?post=4630"}],"curies":[{"name":"wp","href":"https:\/\/api.w.org\/{rel}","templated":true}]}}