{"id":4628,"date":"2023-04-27T15:14:45","date_gmt":"2023-04-27T15:14:45","guid":{"rendered":"https:\/\/defrentealaverdad.com\/?p=4628"},"modified":"2023-04-27T15:14:45","modified_gmt":"2023-04-27T15:14:45","slug":"tsa-ratifica-resolucion-de-la-jac-que-ordena-a-lineas-aereas-suspender-cobro-de-10-dolares-a-viajeros-dominicanos-y-residentes","status":"publish","type":"post","link":"https:\/\/defrentealaverdad.com\/index.php\/2023\/04\/27\/tsa-ratifica-resolucion-de-la-jac-que-ordena-a-lineas-aereas-suspender-cobro-de-10-dolares-a-viajeros-dominicanos-y-residentes\/","title":{"rendered":"TSA ratifica Resoluci\u00f3n de la JAC que ordena a l\u00edneas a\u00e9reas suspender cobro de 10 d\u00f3lares a viajeros dominicanos y residentes"},"content":{"rendered":"<p style=\"text-align: justify;\"><img decoding=\"async\" class=\"aligncenter lazyload\" data-src=\"https:\/\/blogger.googleusercontent.com\/img\/b\/R29vZ2xl\/AVvXsEiY1IdOBlxYrVzzXYdnt40VxnO2xBiSURslxHRnp52jPSJBQJi26bgiB-U4cOAd4BNdYTdRBK-bWPMy5AyAfr9GxAdbrTOfhwDOjp9yWLfj3YOmMCu72C1piEDiP9iHLGw5O72HrOJkk4OJrOBFBRld9lTgU1zUsm3tqTa35jQTfxCHbV4ybGcEFOOWbA\/s320\/foto%20marte%20piantini.jpg\" src=\"data:image\/svg+xml;base64,PHN2ZyB3aWR0aD0iMSIgaGVpZ2h0PSIxIiB4bWxucz0iaHR0cDovL3d3dy53My5vcmcvMjAwMC9zdmciPjwvc3ZnPg==\" \/><\/p>\n<p style=\"text-align: justify;\">Santo Domingo. Rep\u00fablica Dominicana. 25 de abril de 2023.- El Tribunal Superior Administrativo (TSA) rechaz\u00f3 la solicitud de medida cautelar incoada por las l\u00edneas a\u00e9reas, con el objeto de que se suspenda los efectos de la Resoluci\u00f3n 217-2022 que ordena a las aerol\u00edneas nacionales y extranjeras que transportan pasajeros desde y hacia la Rep\u00fablica Dominicana a realizar las adecuaciones necesarias en sus sistemas inform\u00e1ticos para que no efect\u00faen el cobro de los 10 d\u00f3lares por concepto de la Tarjeta de Turista.<\/p>\n<p style=\"text-align: justify;\">\n<p style=\"text-align: justify;\">De acuerdo con la Presidencia del Tribunal Superior Administrativo, cuando se tutelan derechos constitucionales, como son el derecho a la igualdad, la tutela judicial efectiva y el debido proceso, al momento de hacer una ponderaci\u00f3n, debe primar el inter\u00e9s general o de la mayor\u00eda sobre intereses individuales o de una minor\u00eda, por lo que de tomar una decisi\u00f3n contraria a la Junta de Aviaci\u00f3n Civil (JAC) se estar\u00eda afectando el inter\u00e9s de los dominicanos y residentes dominicanos que ingresan al pa\u00eds, quienes a los fines de la presente solicitud constituyen una mayor\u00eda y por tanto debe primar su inter\u00e9s sobre el de los solicitantes.<\/p>\n<p style=\"text-align: justify;\">\n<p style=\"text-align: justify;\">En este sentido, el TSA consider\u00f3 que corresponde a la Junta de Aviaci\u00f3n Civil dictar y modificar las resoluciones sobre su competencia como organismo regulador en lo relativo a la pol\u00edtica del transporte a\u00e9reo nacional, y los aspectos econ\u00f3micos de dicho transporte.<\/p>\n<p style=\"text-align: justify;\">\n<p style=\"text-align: justify;\">El objeto de la medida cautelar interpuestas por las aerolineas era la no aplicaci\u00f3n de las resoluciones 217-2022 de fecha de 23 septiembre de 2023 y la 9-2023, de fecha de 12 de enero 2023, de la Junta de Aviaci\u00f3n Civil que comunica a los operadores a\u00e9reos nacionales y extranjeros que realizan transporte internacional desde y hacia la Rep\u00fablica Dominicana que no efect\u00faen el pago de los US$10 d\u00f3lares americanos por concepto de Tarjeta de Turismo a los nacionales dominicanos y a los residentes en el pa\u00eds.<\/p>\n<p style=\"text-align: justify;\">\n<p style=\"text-align: justify;\">Despu\u00e9s de un proceso de litigios se comprob\u00f3 que la medida cautelar no re\u00fane los requisitos exigidos por la Ley 13-07, y el TSA rechaz\u00f3 la solicitud de medida cautelar interpuestas por las aerolineas Jetblue Airways Corporation, Compa\u00f1\u00eda Paname\u00f1a de Aviaci\u00f3n (copa), Air Transat, Aerovias de M\u00e9xico, (aerom\u00e9xico), Delta Air Lines, United Airlines, Sky Airline Per\u00fa, Air Canad\u00e1, Air Europa L\u00edneas A\u00e9reas, American Airlines, Air France y Aerolineas Argentinas.<\/p>\n<p style=\"text-align: justify;\">\n<p style=\"text-align: justify;\">Marte Piantini reiter\u00f3 el compromiso del presidente de la Rep\u00fablica Dominicana, Luis Abinader, de que los viajeros dominicanos y los residentes en el exterior no pueden ser objeto de este gravamen. Agrego que desde el Gobierno se est\u00e1n creando m\u00e1s facilidades para que los dominicanos no residentes en el pa\u00eds se sientan motivados a viajar con mayor frecuencia al territorio dominicano.<\/p>\n<p style=\"text-align: justify;\">\n<p style=\"text-align: justify;\">Fuente: Prensa JAC<\/p>\n","protected":false},"excerpt":{"rendered":"<p>Santo Domingo. Rep\u00fablica Dominicana. 25 de abril de 2023.- El Tribunal Superior Administrativo (TSA) rechaz\u00f3<\/p>\n","protected":false},"author":1,"featured_media":0,"comment_status":"open","ping_status":"open","sticky":false,"template":"","format":"standard","meta":{"footnotes":""},"categories":[2,7],"tags":[],"class_list":["post-4628","post","type-post","status-publish","format-standard","hentry","category-economicas","category-nacionales"],"_links":{"self":[{"href":"https:\/\/defrentealaverdad.com\/index.php\/wp-json\/wp\/v2\/posts\/4628","targetHints":{"allow":["GET"]}}],"collection":[{"href":"https:\/\/defrentealaverdad.com\/index.php\/wp-json\/wp\/v2\/posts"}],"about":[{"href":"https:\/\/defrentealaverdad.com\/index.php\/wp-json\/wp\/v2\/types\/post"}],"author":[{"embeddable":true,"href":"https:\/\/defrentealaverdad.com\/index.php\/wp-json\/wp\/v2\/users\/1"}],"replies":[{"embeddable":true,"href":"https:\/\/defrentealaverdad.com\/index.php\/wp-json\/wp\/v2\/comments?post=4628"}],"version-history":[{"count":1,"href":"https:\/\/defrentealaverdad.com\/index.php\/wp-json\/wp\/v2\/posts\/4628\/revisions"}],"predecessor-version":[{"id":4629,"href":"https:\/\/defrentealaverdad.com\/index.php\/wp-json\/wp\/v2\/posts\/4628\/revisions\/4629"}],"wp:attachment":[{"href":"https:\/\/defrentealaverdad.com\/index.php\/wp-json\/wp\/v2\/media?parent=4628"}],"wp:term":[{"taxonomy":"category","embeddable":true,"href":"https:\/\/defrentealaverdad.com\/index.php\/wp-json\/wp\/v2\/categories?post=4628"},{"taxonomy":"post_tag","embeddable":true,"href":"https:\/\/defrentealaverdad.com\/index.php\/wp-json\/wp\/v2\/tags?post=4628"}],"curies":[{"name":"wp","href":"https:\/\/api.w.org\/{rel}","templated":true}]}}