{"id":4623,"date":"2023-04-27T15:12:20","date_gmt":"2023-04-27T15:12:20","guid":{"rendered":"https:\/\/defrentealaverdad.com\/?p=4623"},"modified":"2023-04-27T15:12:52","modified_gmt":"2023-04-27T15:12:52","slug":"apertura-nuevo-almacen-de-carga-en-el-aeropuerto-internacional-las-americas","status":"publish","type":"post","link":"https:\/\/defrentealaverdad.com\/index.php\/2023\/04\/27\/apertura-nuevo-almacen-de-carga-en-el-aeropuerto-internacional-las-americas\/","title":{"rendered":"Apertura nuevo almac\u00e9n de carga en el Aeropuerto Internacional Las Am\u00e9ricas"},"content":{"rendered":"<p style=\"text-align: justify;\">Santo Domingo.- Mediante una alianza estrat\u00e9gica entre dos empresas multinacionales, inauguran almac\u00e9n de carga a\u00e9rea en el Aeropuerto Internacional de las Am\u00e9ricas, Dr. Jos\u00e9 Francisco Pe\u00f1a G\u00f3mez (MDSD).<\/p>\n<p style=\"text-align: justify;\"><img decoding=\"async\" class=\"aligncenter lazyload\" data-src=\"https:\/\/blogger.googleusercontent.com\/img\/b\/R29vZ2xl\/AVvXsEhRMOlsKVKpzs29IVGovK_7DlN0hBv-zA6A81NHwZ62Xonz9BwRIwsfeBhtbqkcMvFEf68Hg72rW4_sbq3rq2PiRGGuvCfdZx4rNAA6xUMxHZz_ruRzpJ7T4UOEctW6WyKm8baGdODN7WD-DbVkTuJ5BteyzNVXJjiZOTniAGxVzwXF5gR6yXafG8dSAw\/s1600\/DSC_3307.jpg\" src=\"data:image\/svg+xml;base64,PHN2ZyB3aWR0aD0iMSIgaGVpZ2h0PSIxIiB4bWxucz0iaHR0cDovL3d3dy53My5vcmcvMjAwMC9zdmciPjwvc3ZnPg==\" \/><br \/>\nEl acto de apertura formal que se llev\u00f3 a cabo la ma\u00f1ana de este mi\u00e9rcoles estuvo encabezado por el Excelent\u00edsimo Presidente Constitucional del Rep\u00fablica, Luis Abinader Corona, el ministro de Defensa Tte General Carlos L. D\u00edaz Morfa, ERD, dignamente representado por el director general del Cuerpo Especializado en Seguridad Aeroportuaria y de la Aviaci\u00f3n Civil (CESAC), el general de brigada piloto Floreal Su\u00e1rez Mart\u00ednez, FARD.<\/p>\n<p style=\"text-align: justify;\">La apertura del nuevo almac\u00e9n de carga a\u00e9rea se realiza bajo una alianza estrat\u00e9gica entre la agencia naviera Rannik y la empresa multinacional United Parcel Service (UPS).<\/p>\n<p style=\"text-align: justify;\">Durante la actividad, los directores de las referidas empresas el se\u00f1or Jeffrey Rannik y Jaak Rannik; el se\u00f1or Jos\u00e9 Burdie, principal ejecutivo en Rep\u00fablica Dominicana de la multinacional (@ups ), expresaron que la entrada en funcionamiento de este nuevo almac\u00e9n tiene la finalidad de proveer soluciones integrales en la cadena de entradas y salidas de art\u00edculos en el mercado dominicano.<\/p>\n<p style=\"text-align: justify;\">Las operaciones de seguridad ser\u00e1n reguladas por este Cuerpo Especializado, a trav\u00e9s de m\u00e1quinas de rayos x de \u00faltima generaci\u00f3n y una unidad canina especializada.<\/p>\n<p style=\"text-align: justify;\">\n<p style=\"text-align: justify;\">Este nuevo almac\u00e9n, hasta ahora el de mayor capacidad en la referida terminal aeroportuaria garantizar\u00e1 la conservaci\u00f3n y log\u00edstica de entradas y salidas de art\u00edculos por v\u00eda a\u00e9rea en territorio dominicano.<\/p>\n<p style=\"text-align: justify;\">\n<p style=\"text-align: justify;\">Fuente: Informaciones a nivel<\/p>\n","protected":false},"excerpt":{"rendered":"<p>Santo Domingo.- Mediante una alianza estrat\u00e9gica entre dos empresas multinacionales, inauguran almac\u00e9n de carga a\u00e9rea<\/p>\n","protected":false},"author":1,"featured_media":0,"comment_status":"open","ping_status":"open","sticky":false,"template":"","format":"standard","meta":{"footnotes":""},"categories":[7],"tags":[],"class_list":["post-4623","post","type-post","status-publish","format-standard","hentry","category-nacionales"],"_links":{"self":[{"href":"https:\/\/defrentealaverdad.com\/index.php\/wp-json\/wp\/v2\/posts\/4623","targetHints":{"allow":["GET"]}}],"collection":[{"href":"https:\/\/defrentealaverdad.com\/index.php\/wp-json\/wp\/v2\/posts"}],"about":[{"href":"https:\/\/defrentealaverdad.com\/index.php\/wp-json\/wp\/v2\/types\/post"}],"author":[{"embeddable":true,"href":"https:\/\/defrentealaverdad.com\/index.php\/wp-json\/wp\/v2\/users\/1"}],"replies":[{"embeddable":true,"href":"https:\/\/defrentealaverdad.com\/index.php\/wp-json\/wp\/v2\/comments?post=4623"}],"version-history":[{"count":2,"href":"https:\/\/defrentealaverdad.com\/index.php\/wp-json\/wp\/v2\/posts\/4623\/revisions"}],"predecessor-version":[{"id":4627,"href":"https:\/\/defrentealaverdad.com\/index.php\/wp-json\/wp\/v2\/posts\/4623\/revisions\/4627"}],"wp:attachment":[{"href":"https:\/\/defrentealaverdad.com\/index.php\/wp-json\/wp\/v2\/media?parent=4623"}],"wp:term":[{"taxonomy":"category","embeddable":true,"href":"https:\/\/defrentealaverdad.com\/index.php\/wp-json\/wp\/v2\/categories?post=4623"},{"taxonomy":"post_tag","embeddable":true,"href":"https:\/\/defrentealaverdad.com\/index.php\/wp-json\/wp\/v2\/tags?post=4623"}],"curies":[{"name":"wp","href":"https:\/\/api.w.org\/{rel}","templated":true}]}}