{"id":46034,"date":"2025-08-06T20:07:42","date_gmt":"2025-08-06T20:07:42","guid":{"rendered":"https:\/\/defrentealaverdad.com\/?p=46034"},"modified":"2025-08-08T00:15:20","modified_gmt":"2025-08-08T00:15:20","slug":"el-blachy-conquista-corazones-en-ee-uu-con-su-musica-exito-total-en-florida-maryland-illinois-y-carolina-del-norte","status":"publish","type":"post","link":"https:\/\/defrentealaverdad.com\/index.php\/2025\/08\/06\/el-blachy-conquista-corazones-en-ee-uu-con-su-musica-exito-total-en-florida-maryland-illinois-y-carolina-del-norte\/","title":{"rendered":"El Blachy conquista corazones en EE. UU. con su m\u00fasica: \u00c9xito total en Florida, Maryland, Illinois y Carolina del Norte"},"content":{"rendered":"<p style=\"text-align: justify;\">El talentoso artista El Blachy contin\u00faa consolidando su carrera como uno de los fen\u00f3menos musicales m\u00e1s impactantes del momento, gracias al rotundo \u00e9xito de sus presentaciones por distintas ciudades de Estados Unidos.<\/p>\n<p style=\"text-align: justify;\">Con un carisma arrollador y un estilo \u00fanico que conecta de inmediato con el p\u00fablico, El Blachy ha dejado una huella imborrable en cada escenario que pisa. Recientemente, encendi\u00f3 con su energ\u00eda los escenarios de<\/p>\n<p style=\"text-align: justify;\">Florida, Maryland, Illinois y Carolina del Norte, donde cientos de fan\u00e1ticos cantaron y bailaron sin parar al ritmo de sus \u00e9xitos, celebrando cada momento de su show como una verdadera fiesta.<\/p>\n<p style=\"text-align: justify;\">Cada presentaci\u00f3n ha sido un paso firme en su ascendente carrera, marcando un antes y un despu\u00e9s en su proyecci\u00f3n internacional.<\/p>\n<p style=\"text-align: justify;\">Actualmente, El Blachy contin\u00faa su gira por otros estados de la Uni\u00f3n Americana, llevando su m\u00fasica a nuevas audiencias que lo reciben con aplausos sin cesar y corean sus canciones con entusiasmo.<\/p>\n<p style=\"text-align: justify;\">Con cada paso, el int\u00e9rprete del \u00e9xito \u201cHola Perdida\u201d demuestra que su m\u00fasica no tiene fronteras y que su conexi\u00f3n con el p\u00fablico es cada vez m\u00e1s fuerte, reafirmando su lugar en la escena musical latina.<\/p>\n<p>Fuente: RR. PP. El Blachy<\/p>\n","protected":false},"excerpt":{"rendered":"<p>El talentoso artista El Blachy contin\u00faa consolidando su carrera como uno de los fen\u00f3menos musicales<\/p>\n","protected":false},"author":4,"featured_media":46035,"comment_status":"open","ping_status":"open","sticky":false,"template":"","format":"standard","meta":{"footnotes":""},"categories":[249],"tags":[],"class_list":["post-46034","post","type-post","status-publish","format-standard","has-post-thumbnail","hentry","category-farandula"],"_links":{"self":[{"href":"https:\/\/defrentealaverdad.com\/index.php\/wp-json\/wp\/v2\/posts\/46034","targetHints":{"allow":["GET"]}}],"collection":[{"href":"https:\/\/defrentealaverdad.com\/index.php\/wp-json\/wp\/v2\/posts"}],"about":[{"href":"https:\/\/defrentealaverdad.com\/index.php\/wp-json\/wp\/v2\/types\/post"}],"author":[{"embeddable":true,"href":"https:\/\/defrentealaverdad.com\/index.php\/wp-json\/wp\/v2\/users\/4"}],"replies":[{"embeddable":true,"href":"https:\/\/defrentealaverdad.com\/index.php\/wp-json\/wp\/v2\/comments?post=46034"}],"version-history":[{"count":1,"href":"https:\/\/defrentealaverdad.com\/index.php\/wp-json\/wp\/v2\/posts\/46034\/revisions"}],"predecessor-version":[{"id":46036,"href":"https:\/\/defrentealaverdad.com\/index.php\/wp-json\/wp\/v2\/posts\/46034\/revisions\/46036"}],"wp:featuredmedia":[{"embeddable":true,"href":"https:\/\/defrentealaverdad.com\/index.php\/wp-json\/wp\/v2\/media\/46035"}],"wp:attachment":[{"href":"https:\/\/defrentealaverdad.com\/index.php\/wp-json\/wp\/v2\/media?parent=46034"}],"wp:term":[{"taxonomy":"category","embeddable":true,"href":"https:\/\/defrentealaverdad.com\/index.php\/wp-json\/wp\/v2\/categories?post=46034"},{"taxonomy":"post_tag","embeddable":true,"href":"https:\/\/defrentealaverdad.com\/index.php\/wp-json\/wp\/v2\/tags?post=46034"}],"curies":[{"name":"wp","href":"https:\/\/api.w.org\/{rel}","templated":true}]}}