{"id":46031,"date":"2025-08-07T10:04:44","date_gmt":"2025-08-07T10:04:44","guid":{"rendered":"https:\/\/defrentealaverdad.com\/?p=46031"},"modified":"2025-08-08T00:06:20","modified_gmt":"2025-08-08T00:06:20","slug":"sodomedi-celebra-exitosas-elecciones-para-el-periodo-2025-2028","status":"publish","type":"post","link":"https:\/\/defrentealaverdad.com\/index.php\/2025\/08\/07\/sodomedi-celebra-exitosas-elecciones-para-el-periodo-2025-2028\/","title":{"rendered":"SODOMEDI celebra exitosas elecciones para el per\u00edodo 2025\u20132028"},"content":{"rendered":"<blockquote>\n<p style=\"text-align: center;\">La periodista Amelia Reyes gan\u00f3 la presidencia con 115 votos a nivel local e internacional.<\/p>\n<\/blockquote>\n<p style=\"text-align: justify;\">Santo Domingo, e agosto de 2025. La Sociedad Dominicana de Medios Digitales (SODOMEDI) celebr\u00f3 sus elecciones correspondientes al per\u00edodo 2025\u20132028, de manera ordenada, puntual y participativa, gracias al entusiasmo de su membres\u00eda y la coordinaci\u00f3n de su Comisi\u00f3n Nacional Electoral.<\/p>\n<p style=\"text-align: justify;\">Miguelina Santos, presidenta de la Comisi\u00f3n Electoral destac\u00f3 la importancia de este proceso para el fortalecimiento de la instituci\u00f3n y proclam\u00f3 como ganadora la plancha \u201cSigue on line\u201d, encabezada por la periodista y comunicadora Amelia Reyes.<\/p>\n<p style=\"text-align: justify;\">En Santo Domingo, la jornada electoral inici\u00f3 a las 9:00 a.m. y concluy\u00f3 a las 4:00 p.m., en la sede nacional ubicada en el Colegio Dominicano de Periodistas (CDP).<\/p>\n<blockquote>\n<p style=\"text-align: center;\">\u201cTanto aqu\u00ed como en las seccionales de San Juan de la Maguana, La Altagracia y New York este proceso se llev\u00f3 a cabo en las modalidades presencial y electr\u00f3nica, permitiendo as\u00ed la participaci\u00f3n activa de nuestros miembros tanto en la Rep\u00fablica Dominicana como en el extranjero\u201d.<\/p>\n<\/blockquote>\n<p style=\"text-align: justify;\">Santos dijo que el padr\u00f3n electoral general de SODOMEDI para estas elecciones fue de 228 miembros, incluyendo las seccionales.<\/p>\n<blockquote>\n<p style=\"text-align: center;\">\u201cDe estos, Amelia Reyes result\u00f3 ganadora con 115 votos a nivel nacional e internacional\u201d.<\/p>\n<\/blockquote>\n<p style=\"text-align: justify;\">La junta directiva 2025-2028 de SODOMEDI est\u00e1 encabezada por la periodista Amelia Reyes, e integrada por Rita P\u00e9rez, vicepresidenta; H\u00e9ctor M\u00e9ndez, Secretario General; Sime\u00f3n Alc\u00e1ntara, director de Organizaci\u00f3n; Cynthia Mart\u00ednez, directora de Finanzas; Viryi Baldera, directora de Relaciones P\u00fablicas; Omar Rivera, director de Asuntos Internacionales; Fahd Jacobo, director de Capacitaci\u00f3n; Madeline Pe\u00f1a, directora de Recreaci\u00f3n y Cultura; Juan Miguel Fox, director de Asistencia Social; y Mario Lara, vocal.<\/p>\n<p style=\"text-align: justify;\">El Comit\u00e9 de \u00c9tica est\u00e1 integrado por Jos\u00e9 Joaqu\u00edn Hiraldo, presidente; Mirola Matos y Walddy Polanco, miembros. Mientras que la Comisi\u00f3n Revisora de Cuentas estar\u00e1 presidida por Sugey Reyes; Katia Julissa Morel y Robinson Castro, miembros.<\/p>\n<p style=\"text-align: justify;\">Miguelina Santos afirm\u00f3 que el proceso electoral cont\u00f3 con la presencia del notario p\u00fablico H\u00e9ctor Matos y su asistente suplente, Ang\u00e9lica Lalondriz, quienes dieron fe de la legalidad y normalidad del proceso durante toda la jornada.<\/p>\n<p style=\"text-align: justify;\">Destac\u00f3 adem\u00e1s que la Comisi\u00f3n Nacional Electoral estuvo integrada por Julio Lluberes, secretario; Yenny Polanco Lovera, miembro; Leslie Delgado y David Ruiz, suplentes.<\/p>\n<p style=\"text-align: justify;\">Finalmente, Amelia Reyes agradeci\u00f3 la confianza depositada en ella y su equipo y reafirm\u00f3 su compromiso con la institucionalidad, la formaci\u00f3n continua y la proyecci\u00f3n nacional e internacional de los miembros.<\/p>\n<blockquote>\n<p style=\"text-align: center;\">\u201cVamos a trabajar por un gremio unido, actualizado y con voz firme en los espacios donde se toman decisiones que impactan los medios digitales\u201d.<\/p>\n<\/blockquote>\n<p>Fuente: SODOMEDI<\/p>\n","protected":false},"excerpt":{"rendered":"<p>La periodista Amelia Reyes gan\u00f3 la presidencia con 115 votos a nivel local e internacional.<\/p>\n","protected":false},"author":4,"featured_media":46032,"comment_status":"open","ping_status":"open","sticky":false,"template":"","format":"standard","meta":{"footnotes":""},"categories":[255],"tags":[],"class_list":["post-46031","post","type-post","status-publish","format-standard","has-post-thumbnail","hentry","category-comunicacion"],"_links":{"self":[{"href":"https:\/\/defrentealaverdad.com\/index.php\/wp-json\/wp\/v2\/posts\/46031","targetHints":{"allow":["GET"]}}],"collection":[{"href":"https:\/\/defrentealaverdad.com\/index.php\/wp-json\/wp\/v2\/posts"}],"about":[{"href":"https:\/\/defrentealaverdad.com\/index.php\/wp-json\/wp\/v2\/types\/post"}],"author":[{"embeddable":true,"href":"https:\/\/defrentealaverdad.com\/index.php\/wp-json\/wp\/v2\/users\/4"}],"replies":[{"embeddable":true,"href":"https:\/\/defrentealaverdad.com\/index.php\/wp-json\/wp\/v2\/comments?post=46031"}],"version-history":[{"count":1,"href":"https:\/\/defrentealaverdad.com\/index.php\/wp-json\/wp\/v2\/posts\/46031\/revisions"}],"predecessor-version":[{"id":46033,"href":"https:\/\/defrentealaverdad.com\/index.php\/wp-json\/wp\/v2\/posts\/46031\/revisions\/46033"}],"wp:featuredmedia":[{"embeddable":true,"href":"https:\/\/defrentealaverdad.com\/index.php\/wp-json\/wp\/v2\/media\/46032"}],"wp:attachment":[{"href":"https:\/\/defrentealaverdad.com\/index.php\/wp-json\/wp\/v2\/media?parent=46031"}],"wp:term":[{"taxonomy":"category","embeddable":true,"href":"https:\/\/defrentealaverdad.com\/index.php\/wp-json\/wp\/v2\/categories?post=46031"},{"taxonomy":"post_tag","embeddable":true,"href":"https:\/\/defrentealaverdad.com\/index.php\/wp-json\/wp\/v2\/tags?post=46031"}],"curies":[{"name":"wp","href":"https:\/\/api.w.org\/{rel}","templated":true}]}}