{"id":46007,"date":"2025-08-06T23:44:35","date_gmt":"2025-08-06T23:44:35","guid":{"rendered":"https:\/\/defrentealaverdad.com\/?p=46007"},"modified":"2025-08-07T23:48:08","modified_gmt":"2025-08-07T23:48:08","slug":"covi-quintana-de-lo-contemporaneo-a-lo-folclorico","status":"publish","type":"post","link":"https:\/\/defrentealaverdad.com\/index.php\/2025\/08\/06\/covi-quintana-de-lo-contemporaneo-a-lo-folclorico\/","title":{"rendered":"Covi Quintana, de lo contempor\u00e1neo a lo folcl\u00f3rico"},"content":{"rendered":"<blockquote>\n<p style=\"text-align: center;\">La artista estrena pambiche \u201cTemblor y R\u00e9plica\u201d<\/p>\n<\/blockquote>\n<p style=\"text-align: justify;\">\u00a0SANTO DOMINGO.- La cantautora dominicana, nominada al Latin Grammy, Covi Quintana, explora una nueva faceta en su carrera art\u00edstica, con un nuevo disco en el que abraza sus ra\u00edces y realiza un homenaje a su gente y su cultura.<\/p>\n<p style=\"text-align: justify;\">De este nuevo disco, la int\u00e9rprete de \u201cCaf\u00e9 de las 8\u201d adelanta el primer sencillo, \u201cTemblor y R\u00e9plica\u201d, una probadita de todo lo que est\u00e1 preparando en esta etapa de transici\u00f3n desde la canci\u00f3n de autor contempor\u00e1nea hacia lo tradicional, folcl\u00f3rico y latino.<\/p>\n<blockquote>\n<p style=\"text-align: center;\">\u201cEsta primera canci\u00f3n es una transici\u00f3n de lo que siempre he hecho hacia lo que siempre he llevado en la sangre, el folclor y la m\u00fasica dominicana. Estoy muy emocionada de poder hacerlo realidad despu\u00e9s de un a\u00f1o y medio explorando todos los rincones de mi cultura. Es un proyecto que me deb\u00eda desde hace mucho tiempo y que, gracias a nuestro querido Victor Victor, pude obsesionarme mas con todo lo relacionado a la bachata y merengue\u201d, dijo la tambi\u00e9n compositora.<\/p>\n<\/blockquote>\n<p style=\"text-align: justify;\">\u201cTemblor y R\u00e9plica\u201d, compuesta por Covi y producida por Ronny Cruz, es la primera canci\u00f3n de este viaje, tambi\u00e9n la m\u00e1s folcl\u00f3rica del \u00e1lbum, inspirada en ritmos afro-dominicanos integrando atabales y palos que provienen de la religiosidad popular dominicana y el pambiche, mejor conocido como merengue agachado y lento.<\/p>\n<blockquote>\n<p style=\"text-align: center;\">\u201cTemblor y R\u00e9plica es como decir \u2018tambora y g\u00fcira\u2019. Habla sobre el amor, como muchas veces este tambi\u00e9n va de la mano del caos y de la inestabilidad, y como siempre hay una esperanza de poder salvarlo sabiendo que, aunque exista un temblor en una relaci\u00f3n, amar tambi\u00e9n conlleva soportar las r\u00e9plicas\u201d, agreg\u00f3.<\/p>\n<\/blockquote>\n<p style=\"text-align: justify;\">El videoclip est\u00e1 dirigido por Mar\u00eda Eliza Franco, bajo el concepto de la propia Covi y fotograf\u00eda de Sigfrido Objio, filmado en Santo Domingo, Rep\u00fablica Dominicana.<\/p>\n<blockquote>\n<p style=\"text-align: center;\">\u201cTemblor y R\u00e9plica\u201d est\u00e1 disponible en todas las plataformas digitales.<\/p>\n<\/blockquote>\n<p>&nbsp;<\/p>\n<p>Fuente: CRNews<\/p>\n","protected":false},"excerpt":{"rendered":"<p>La artista estrena pambiche \u201cTemblor y R\u00e9plica\u201d \u00a0SANTO DOMINGO.- La cantautora dominicana, nominada al Latin<\/p>\n","protected":false},"author":4,"featured_media":46008,"comment_status":"open","ping_status":"open","sticky":false,"template":"","format":"standard","meta":{"footnotes":""},"categories":[249],"tags":[],"class_list":["post-46007","post","type-post","status-publish","format-standard","has-post-thumbnail","hentry","category-farandula"],"_links":{"self":[{"href":"https:\/\/defrentealaverdad.com\/index.php\/wp-json\/wp\/v2\/posts\/46007","targetHints":{"allow":["GET"]}}],"collection":[{"href":"https:\/\/defrentealaverdad.com\/index.php\/wp-json\/wp\/v2\/posts"}],"about":[{"href":"https:\/\/defrentealaverdad.com\/index.php\/wp-json\/wp\/v2\/types\/post"}],"author":[{"embeddable":true,"href":"https:\/\/defrentealaverdad.com\/index.php\/wp-json\/wp\/v2\/users\/4"}],"replies":[{"embeddable":true,"href":"https:\/\/defrentealaverdad.com\/index.php\/wp-json\/wp\/v2\/comments?post=46007"}],"version-history":[{"count":1,"href":"https:\/\/defrentealaverdad.com\/index.php\/wp-json\/wp\/v2\/posts\/46007\/revisions"}],"predecessor-version":[{"id":46009,"href":"https:\/\/defrentealaverdad.com\/index.php\/wp-json\/wp\/v2\/posts\/46007\/revisions\/46009"}],"wp:featuredmedia":[{"embeddable":true,"href":"https:\/\/defrentealaverdad.com\/index.php\/wp-json\/wp\/v2\/media\/46008"}],"wp:attachment":[{"href":"https:\/\/defrentealaverdad.com\/index.php\/wp-json\/wp\/v2\/media?parent=46007"}],"wp:term":[{"taxonomy":"category","embeddable":true,"href":"https:\/\/defrentealaverdad.com\/index.php\/wp-json\/wp\/v2\/categories?post=46007"},{"taxonomy":"post_tag","embeddable":true,"href":"https:\/\/defrentealaverdad.com\/index.php\/wp-json\/wp\/v2\/tags?post=46007"}],"curies":[{"name":"wp","href":"https:\/\/api.w.org\/{rel}","templated":true}]}}