{"id":45986,"date":"2025-08-06T21:19:58","date_gmt":"2025-08-06T21:19:58","guid":{"rendered":"https:\/\/defrentealaverdad.com\/?p=45986"},"modified":"2025-08-07T21:21:54","modified_gmt":"2025-08-07T21:21:54","slug":"los-movimientos-marcelino-vega-y-dos-generaciones-firman-acuerdo-con-miras-a-elecciones-del-cdp-y-transformar-a-la-institucion","status":"publish","type":"post","link":"https:\/\/defrentealaverdad.com\/index.php\/2025\/08\/06\/los-movimientos-marcelino-vega-y-dos-generaciones-firman-acuerdo-con-miras-a-elecciones-del-cdp-y-transformar-a-la-institucion\/","title":{"rendered":"Los movimientos Marcelino Vega y Dos Generaciones firman acuerdo con miras a elecciones del CDP y transformar a la instituci\u00f3n"},"content":{"rendered":"<p style=\"text-align: justify;\">Santo Domingo, R.D. \u2013 En un acto cargado de compromiso y unidad, los movimientos Marcelino Vega (MMV) y Dos Generaciones suscribieron un acuerdo estrat\u00e9gico con miras a las elecciones del Colegio Dominicano de Periodistas (CDP), pautadas para el pr\u00f3ximo 29 de agosto y transformar a ese gremio profesional.<\/p>\n<p style=\"text-align: justify;\">El acuerdo estuvo encabezado por el presidente del Colegio de Periodistas, Aurelio Henr\u00edquez; el candidato a presidir el CDP, Jos\u00e9 Beato; la candidata a la presidencia del Instituto de Previsi\u00f3n y Protecci\u00f3n del Periodista (IPPP), Siddy Roque. el candidato a presidir la Seccional del Distrito Nacional, Francisco Marte, y el candidato de Educaci\u00f3n, Juan Carlos Mej\u00eda, por esa seccional.<\/p>\n<p style=\"text-align: justify;\">Igualmente, el presidente del Movimiento Dos Generaciones, Juan Carlos Bison\u00f3; Jos\u00e9 Armando Toribio y Alfredo Espinal, dirigente de esa corriente gremial. En la actividad estuvo, el coordinador del Movimiento Trasformaci\u00f3n y \u00c9tica, Erasmo Chalas.<\/p>\n<p style=\"text-align: justify;\">El convenio forma parte de otros que tambi\u00e9n se han firmado con otros movimientos period\u00edsticos, en lo que se ha denominado la \u201cGran Unidad de la Victoria<\/p>\n<p style=\"text-align: justify;\">Durante la firma del acuerdo, ambas organizaciones reafirmaron su firme decisi\u00f3n de trabajar en conjunto por el fortalecimiento y asentamiento institucional del CDP.<\/p>\n<p style=\"text-align: justify;\">Los representantes de ambos movimientos destacaron la importancia de aunar esfuerzos para rescatar la credibilidad, eficiencia y compromiso del gremio period\u00edstico con sus miembros y con la sociedad dominicana.<\/p>\n<blockquote>\n<p style=\"text-align: center;\">Henr\u00edquez, Beato Bison\u00f3 y Roque dijeron que \u201cEl momento exige unidad y visi\u00f3n. Estamos asumiendo una responsabilidad com\u00fan para garantizar un CDP m\u00e1s fuerte, m\u00e1s representativo y m\u00e1s cercano a los intereses reales de los periodistas del pa\u00eds\u201d, expresaron los voceros de las agrupaciones.<\/p>\n<\/blockquote>\n<p style=\"text-align: justify;\">Agregaron que este acuerdo marca un paso significativo en la construcci\u00f3n de una propuesta colectiva que buscar\u00e1 encabezar la direcci\u00f3n del CDP con una agenda basada en la \u00e9tica, la capacitaci\u00f3n, la defensa profesional y la renovaci\u00f3n institucional.<\/p>\n<p style=\"text-align: justify;\">Ambas entidades coincidieron en que el Colegio Dominicano de Periodistas necesita recuperar su rol como garante de los derechos laborales, la libertad de expresi\u00f3n y la dignificaci\u00f3n del ejercicio period\u00edstico, por lo que pondr\u00e1n todos sus esfuerzos para lograr una gesti\u00f3n comprometida, inclusiva y transparente.<\/p>\n<p style=\"text-align: justify;\">Los l\u00edderes de ambos movimientos se\u00f1alaron que en los pr\u00f3ximos d\u00edas dar\u00e1n a conocer la conformaci\u00f3n de una plancha unitaria y una propuesta de gesti\u00f3n que ser\u00e1 socializada con la membres\u00eda del CDP en todo el pa\u00eds. Tambi\u00e9n anunciaron que iniciar\u00e1n una serie de encuentros regionales y sectoriales para escuchar las inquietudes y propuestas de los periodistas de cara al proceso electoral.<\/p>\n<p style=\"text-align: justify;\">Entre el acuerdo qued\u00f3 establecido la lucha por la aprobaci\u00f3n de una verdadera Ley de Condici\u00f3n del Periodista, que establezca requisitos claros para el ejercicio profesional, garantice la calidad del trabajo period\u00edstico y reconozca el rol fundamental de los periodistas en la sociedad.<\/p>\n<p style=\"text-align: justify;\">Asimismo, las corrientes gremiales reiteraron sus propuestas de lograr la contrataci\u00f3n formal de los periodistas, con el fin de que todos ejerzan su labor amparados en contratos que garanticen estabilidad, dignidad y seguridad jur\u00eddica.<\/p>\n<p style=\"text-align: justify;\">Otro de los ejes centrales es la seguridad social integral para los periodistas, que les permita acceder a servicios de salud, pensi\u00f3n y otros beneficios esenciales para su bienestar y el de sus familias.<\/p>\n<p style=\"text-align: justify;\">Tambi\u00e9n, promover\u00e1n la creaci\u00f3n de espacios para la recreaci\u00f3n, el desarrollo humano y la salud mental de los periodistas, as\u00ed como el fortalecimiento del sistema educativo, incluyendo la formaci\u00f3n continua y la actualizaci\u00f3n profesional.<\/p>\n<p style=\"text-align: justify;\">Finalmente, los voceros del movimiento destacaron su compromiso con una democracia participativa y el respeto a las minor\u00edas, como principios fundamentales para una pr\u00e1ctica period\u00edstica \u00e9tica, plural y comprometida con los valores democr\u00e1ticos.<\/p>\n<p style=\"text-align: justify;\">Asimismo, expresaron que este pacto es un mensaje de esperanza y de madurez pol\u00edtica para el sector period\u00edstico nacional, y reafirmaron que actuar\u00e1n con respeto, inclusi\u00f3n y transparencia durante todo el proceso electoral. La firma de este acuerdo representa un paso firme hacia la transformaci\u00f3n que demanda y merece el Colegio Dominicano de Periodistas.<\/p>\n<p style=\"text-align: justify;\">Durante el acto, estuvieron presentes una gran cantidad de los seguidores de los movimientos firmantes del acuerdo.<\/p>\n<p>Fuente: Janet B\u00e1ez<\/p>\n","protected":false},"excerpt":{"rendered":"<p>Santo Domingo, R.D. \u2013 En un acto cargado de compromiso y unidad, los movimientos Marcelino<\/p>\n","protected":false},"author":1,"featured_media":45987,"comment_status":"open","ping_status":"open","sticky":false,"template":"","format":"standard","meta":{"footnotes":""},"categories":[7],"tags":[],"class_list":["post-45986","post","type-post","status-publish","format-standard","has-post-thumbnail","hentry","category-nacionales"],"_links":{"self":[{"href":"https:\/\/defrentealaverdad.com\/index.php\/wp-json\/wp\/v2\/posts\/45986","targetHints":{"allow":["GET"]}}],"collection":[{"href":"https:\/\/defrentealaverdad.com\/index.php\/wp-json\/wp\/v2\/posts"}],"about":[{"href":"https:\/\/defrentealaverdad.com\/index.php\/wp-json\/wp\/v2\/types\/post"}],"author":[{"embeddable":true,"href":"https:\/\/defrentealaverdad.com\/index.php\/wp-json\/wp\/v2\/users\/1"}],"replies":[{"embeddable":true,"href":"https:\/\/defrentealaverdad.com\/index.php\/wp-json\/wp\/v2\/comments?post=45986"}],"version-history":[{"count":1,"href":"https:\/\/defrentealaverdad.com\/index.php\/wp-json\/wp\/v2\/posts\/45986\/revisions"}],"predecessor-version":[{"id":45988,"href":"https:\/\/defrentealaverdad.com\/index.php\/wp-json\/wp\/v2\/posts\/45986\/revisions\/45988"}],"wp:featuredmedia":[{"embeddable":true,"href":"https:\/\/defrentealaverdad.com\/index.php\/wp-json\/wp\/v2\/media\/45987"}],"wp:attachment":[{"href":"https:\/\/defrentealaverdad.com\/index.php\/wp-json\/wp\/v2\/media?parent=45986"}],"wp:term":[{"taxonomy":"category","embeddable":true,"href":"https:\/\/defrentealaverdad.com\/index.php\/wp-json\/wp\/v2\/categories?post=45986"},{"taxonomy":"post_tag","embeddable":true,"href":"https:\/\/defrentealaverdad.com\/index.php\/wp-json\/wp\/v2\/tags?post=45986"}],"curies":[{"name":"wp","href":"https:\/\/api.w.org\/{rel}","templated":true}]}}