{"id":45983,"date":"2025-08-06T21:17:37","date_gmt":"2025-08-06T21:17:37","guid":{"rendered":"https:\/\/defrentealaverdad.com\/?p=45983"},"modified":"2025-08-07T21:19:08","modified_gmt":"2025-08-07T21:19:08","slug":"edeeste-pone-en-funcionamiento-nueva-subestacion-electrica-impactara-directamente-carcel-las-parras","status":"publish","type":"post","link":"https:\/\/defrentealaverdad.com\/index.php\/2025\/08\/06\/edeeste-pone-en-funcionamiento-nueva-subestacion-electrica-impactara-directamente-carcel-las-parras\/","title":{"rendered":"Edeeste pone en funcionamiento nueva subestaci\u00f3n el\u00e9ctrica impactar\u00e1 directamente c\u00e1rcel Las Parras"},"content":{"rendered":"<blockquote>\n<p style=\"text-align: center;\">El proyecto cont\u00f3 con una inversi\u00f3n aproximada de RD$ 89.8 MM y tendr\u00e1 un impacto en m\u00e1s de dos mil familias de la localidad<\/p>\n<\/blockquote>\n<p style=\"text-align: justify;\">Santo Domingo Este. \u2013 La Empresa Distribuidora de Electricidad del Este (Edeeste) informa que puso en funcionamiento una moderna subestaci\u00f3n el\u00e9ctrica compuesta por un transformador de potencia de 6.25 MVA a 69\/12.5 kV la cual impactar\u00e1 de forma directa el Centro de Correcci\u00f3n y Rehabilitaci\u00f3n Las Parras (CCR Las Parras) en Santo Domingo Este.<\/p>\n<p style=\"text-align: justify;\">Edeeste afirma que el proyect\u00f3 cont\u00f3 con una inversi\u00f3n aproximada de RD$ 89.8 MM y que la misma est\u00e1 habilitada para la salida de 3 circuitos, uno para el centro penitenciario, uno para los clientes del sector y otro disponible para el crecimiento futuro de la demanda.<\/p>\n<p style=\"text-align: justify;\">La distribuidora se\u00f1ala que la puesta en funcionamiento de esta nueva subestaci\u00f3n el\u00e9ctrica beneficia de manera directa a alrededor de dos mil familias residentes en la zona.<\/p>\n<p style=\"text-align: justify;\">En ese mismo orden, Edeeste indica que se encuentra en proceso de ejecuci\u00f3n la rehabilitaci\u00f3n del tendido el\u00e9ctrico de MT de los sectores Mata de Palma, Las Parras, La Reforma, La Granja, El Capacito, El Cea, Lago de Reyes y el Cruce Ramon Coco, con el fin mejorar la situaci\u00f3n actual del servicio energ\u00e9tico en estos sectores a trav\u00e9s de la nueva subestaci\u00f3n.<\/p>\n<p style=\"text-align: justify;\">Edeeste manifiesta que con este tipo ejecuciones e inversiones se fortalecen los esfuerzos en la confiabilidad del suministro de la energ\u00eda con la cual el centro penitenciario y los moradores podr\u00e1n recibir un voltaje de calidad y un servicio eficiente.<\/p>\n<p>&nbsp;<\/p>\n<p>Fuente: Direcci\u00f3n de Comunicaci\u00f3n Edeeste<\/p>\n","protected":false},"excerpt":{"rendered":"<p>El proyecto cont\u00f3 con una inversi\u00f3n aproximada de RD$ 89.8 MM y tendr\u00e1 un impacto<\/p>\n","protected":false},"author":1,"featured_media":45984,"comment_status":"open","ping_status":"open","sticky":false,"template":"","format":"standard","meta":{"footnotes":""},"categories":[7],"tags":[],"class_list":["post-45983","post","type-post","status-publish","format-standard","has-post-thumbnail","hentry","category-nacionales"],"_links":{"self":[{"href":"https:\/\/defrentealaverdad.com\/index.php\/wp-json\/wp\/v2\/posts\/45983","targetHints":{"allow":["GET"]}}],"collection":[{"href":"https:\/\/defrentealaverdad.com\/index.php\/wp-json\/wp\/v2\/posts"}],"about":[{"href":"https:\/\/defrentealaverdad.com\/index.php\/wp-json\/wp\/v2\/types\/post"}],"author":[{"embeddable":true,"href":"https:\/\/defrentealaverdad.com\/index.php\/wp-json\/wp\/v2\/users\/1"}],"replies":[{"embeddable":true,"href":"https:\/\/defrentealaverdad.com\/index.php\/wp-json\/wp\/v2\/comments?post=45983"}],"version-history":[{"count":1,"href":"https:\/\/defrentealaverdad.com\/index.php\/wp-json\/wp\/v2\/posts\/45983\/revisions"}],"predecessor-version":[{"id":45985,"href":"https:\/\/defrentealaverdad.com\/index.php\/wp-json\/wp\/v2\/posts\/45983\/revisions\/45985"}],"wp:featuredmedia":[{"embeddable":true,"href":"https:\/\/defrentealaverdad.com\/index.php\/wp-json\/wp\/v2\/media\/45984"}],"wp:attachment":[{"href":"https:\/\/defrentealaverdad.com\/index.php\/wp-json\/wp\/v2\/media?parent=45983"}],"wp:term":[{"taxonomy":"category","embeddable":true,"href":"https:\/\/defrentealaverdad.com\/index.php\/wp-json\/wp\/v2\/categories?post=45983"},{"taxonomy":"post_tag","embeddable":true,"href":"https:\/\/defrentealaverdad.com\/index.php\/wp-json\/wp\/v2\/tags?post=45983"}],"curies":[{"name":"wp","href":"https:\/\/api.w.org\/{rel}","templated":true}]}}