{"id":45966,"date":"2025-08-06T20:14:51","date_gmt":"2025-08-06T20:14:51","guid":{"rendered":"https:\/\/defrentealaverdad.com\/?p=45966"},"modified":"2025-08-07T20:16:55","modified_gmt":"2025-08-07T20:16:55","slug":"armada-de-republica-dominicana-realiza-solemne-ceremonia-de-condecoracion-de-la-orden-del-merito-naval-2025","status":"publish","type":"post","link":"https:\/\/defrentealaverdad.com\/index.php\/2025\/08\/06\/armada-de-republica-dominicana-realiza-solemne-ceremonia-de-condecoracion-de-la-orden-del-merito-naval-2025\/","title":{"rendered":"Armada de Rep\u00fablica Dominicana realiza solemne ceremonia de condecoraci\u00f3n de la Orden del M\u00e9rito Naval 2025"},"content":{"rendered":"<p>Por F\u00e9lix Rubio<\/p>\n<p style=\"text-align: justify;\">Santo Domingo, R.D.- La Armada de Rep\u00fablica Dominicana celebr\u00f3 con solemnidad la Ceremonia de Condecoraci\u00f3n de la Orden del M\u00e9rito Naval 2025, reconociendo la entrega, disciplina y contribuci\u00f3n de distinguidos miembros de las Fuerzas Armadas, la Polic\u00eda Nacional, autoridades civiles y aliados estrat\u00e9gicos, en favor de la seguridad y defensa mar\u00edtima de la Naci\u00f3n.<\/p>\n<p style=\"text-align: justify;\">El acto fue presidido por el Ministro de Defensa, teniente general Carlos Antonio Fern\u00e1ndez Onofre, ERD, y cont\u00f3 con la presencia del Comandante General de la Armada, vicealmirante Agust\u00edn Morillo Rodr\u00edguez, anfitri\u00f3n del evento; el Estado Mayor General de las Fuerzas Armadas; el Director General de la Polic\u00eda Nacional, mayor general Ram\u00f3n Antonio Guzm\u00e1n Peralta, as\u00ed como destacadas autoridades civiles y militares. La ceremonia se llev\u00f3 a cabo en el sal\u00f3n de eventos \u201cLa Marina\u201d, ubicado en la Base Naval \u201c27 de Febrero\u201d.<\/p>\n<p style=\"text-align: justify;\">Durante la actividad fueron impuestas las condecoraciones correspondientes a la Orden del M\u00e9rito Naval, con Medallas de Honor, M\u00e9rito Naval y Servicio Distinguido, en sus distintas categor\u00edas, como expresi\u00f3n institucional de reconocimiento a una trayectoria de m\u00e9ritos excepcionales, dedicaci\u00f3n ejemplar y servicio honroso a la Patria.<\/p>\n<p style=\"text-align: justify;\">El momento m\u00e1s emotivo fue la entrega de la Medalla de Honor en su Primera Categor\u00eda al Ministro de Defensa, m\u00e1xima distinci\u00f3n que otorga la Armada de Rep\u00fablica Dominicana. Asimismo, se rindi\u00f3 homenaje p\u00f3stumo al Vicealmirante Francisco Manuel Fr\u00edas Olivencia, ARD, ex Comandante General de la Armada, por su legado de servicio, integridad y contribuciones al fortalecimiento institucional.<\/p>\n<p style=\"text-align: justify;\">Fueron tambi\u00e9n condecorados oficiales generales, superiores, subalternos y alistados de las Fuerzas Armadas y la Polic\u00eda Nacional; as\u00ed como oficiales de las Fuerzas Armadas de los Estados Unidos, en reconocimiento a su apoyo a la cooperaci\u00f3n bilateral en materia de seguridad, defensa y fortalecimiento institucional.<\/p>\n<p style=\"text-align: justify;\">De igual modo, se reconoci\u00f3 a funcionarios p\u00fablicos nacionales y extranjeros, y a ciudadanos civiles de admirable vocaci\u00f3n de servicio, cuyas contribuciones han sido decisivas en \u00e1reas fundamentales como la educaci\u00f3n, la salud, la log\u00edstica, el desarrollo operativo y el robustecimiento del rol de la Armada como Autoridad Mar\u00edtima Nacional.<\/p>\n<p style=\"text-align: justify;\">Con este acto, la Armada de Rep\u00fablica Dominicana reafirma su compromiso inquebrantable con la defensa de la soberan\u00eda nacional, el fortalecimiento de la seguridad mar\u00edtima y la promoci\u00f3n de los m\u00e1s altos valores institucionales, al servicio del pueblo dominicano y la Patria.<\/p>\n<p>&nbsp;<\/p>\n<p>Fuente: Prensa Armada RD<\/p>\n","protected":false},"excerpt":{"rendered":"<p>Por F\u00e9lix Rubio Santo Domingo, R.D.- La Armada de Rep\u00fablica Dominicana celebr\u00f3 con solemnidad la<\/p>\n","protected":false},"author":1,"featured_media":45967,"comment_status":"open","ping_status":"open","sticky":false,"template":"","format":"standard","meta":{"footnotes":""},"categories":[7],"tags":[],"class_list":["post-45966","post","type-post","status-publish","format-standard","has-post-thumbnail","hentry","category-nacionales"],"_links":{"self":[{"href":"https:\/\/defrentealaverdad.com\/index.php\/wp-json\/wp\/v2\/posts\/45966","targetHints":{"allow":["GET"]}}],"collection":[{"href":"https:\/\/defrentealaverdad.com\/index.php\/wp-json\/wp\/v2\/posts"}],"about":[{"href":"https:\/\/defrentealaverdad.com\/index.php\/wp-json\/wp\/v2\/types\/post"}],"author":[{"embeddable":true,"href":"https:\/\/defrentealaverdad.com\/index.php\/wp-json\/wp\/v2\/users\/1"}],"replies":[{"embeddable":true,"href":"https:\/\/defrentealaverdad.com\/index.php\/wp-json\/wp\/v2\/comments?post=45966"}],"version-history":[{"count":1,"href":"https:\/\/defrentealaverdad.com\/index.php\/wp-json\/wp\/v2\/posts\/45966\/revisions"}],"predecessor-version":[{"id":45968,"href":"https:\/\/defrentealaverdad.com\/index.php\/wp-json\/wp\/v2\/posts\/45966\/revisions\/45968"}],"wp:featuredmedia":[{"embeddable":true,"href":"https:\/\/defrentealaverdad.com\/index.php\/wp-json\/wp\/v2\/media\/45967"}],"wp:attachment":[{"href":"https:\/\/defrentealaverdad.com\/index.php\/wp-json\/wp\/v2\/media?parent=45966"}],"wp:term":[{"taxonomy":"category","embeddable":true,"href":"https:\/\/defrentealaverdad.com\/index.php\/wp-json\/wp\/v2\/categories?post=45966"},{"taxonomy":"post_tag","embeddable":true,"href":"https:\/\/defrentealaverdad.com\/index.php\/wp-json\/wp\/v2\/tags?post=45966"}],"curies":[{"name":"wp","href":"https:\/\/api.w.org\/{rel}","templated":true}]}}