{"id":45963,"date":"2025-08-06T20:11:17","date_gmt":"2025-08-06T20:11:17","guid":{"rendered":"https:\/\/defrentealaverdad.com\/?p=45963"},"modified":"2025-08-07T20:13:22","modified_gmt":"2025-08-07T20:13:22","slug":"miembros-del-cesfront-concluyen-capacitacion-en-control-de-carga-y-mercancia","status":"publish","type":"post","link":"https:\/\/defrentealaverdad.com\/index.php\/2025\/08\/06\/miembros-del-cesfront-concluyen-capacitacion-en-control-de-carga-y-mercancia\/","title":{"rendered":"Miembros del CESFRONT concluyen capacitaci\u00f3n en control de carga y mercanc\u00eda."},"content":{"rendered":"<p style=\"text-align: justify;\">Por F\u00e9lix Rubio<\/p>\n<p style=\"text-align: justify;\"><strong>Dajab\u00f3n.-<\/strong> Miembros del Cuerpo Especializado de Seguridad Fronteriza Terrestre (CESFRONT) concluyeron la capacitaci\u00f3n sobre control de carga y mercanc\u00eda, impartida por la Oficina de las Naciones Unidas contra la Droga y el Delito (UNODC), auspiciada por la Embajada de Canad\u00e1 en la Rep\u00fablica Dominicana.<\/p>\n<p style=\"text-align: justify;\">El acto de apertura estuvo encabezado por el director general del CESFRONT el general de brigada Jos\u00e9 H. Rodr\u00edguez Coste, ERD., estuvo acompa\u00f1ado de Sr. Alberto Are\u00e1n Varela, Jefe de la Oficina de UNODC en Rep\u00fablica Dominicana, Coordinador Regional para Latinoam\u00e9rica y el Caribe, Programa PCCP y Sr. Enr\u00edquez Ortega, de la Real Polic\u00eda Montada de Canad\u00e1, representante de la Embajada de Canad\u00e1.<\/p>\n<p style=\"text-align: justify;\">Este curso tuvo como objetivo capacitar a los miembros del CESFRONT, la Direcci\u00f3n General de Aduanas (DGA) y la Direcci\u00f3n Nacional de Control de Drogas (DNCD), en las t\u00e9cnicas y procedimientos necesarios para poder detectar las anomal\u00edas que pudieran acontecer en el transporte mar\u00edtimo y terrestre de mercanc\u00eda, a trav\u00e9s de contenedores secos y refrigerados, para as\u00ed garantizar la seguridad y defensa de nuestro pa\u00eds.<\/p>\n<p style=\"text-align: justify;\">Esta capacitaci\u00f3n fue un curso te\u00f3rico-pr\u00e1ctico donde se realizaron ejercicios de inspecci\u00f3n de contenedores.<\/p>\n<p>Fuente: CESFRONT<\/p>\n","protected":false},"excerpt":{"rendered":"<p>Por F\u00e9lix Rubio Dajab\u00f3n.- Miembros del Cuerpo Especializado de Seguridad Fronteriza Terrestre (CESFRONT) concluyeron la<\/p>\n","protected":false},"author":1,"featured_media":45965,"comment_status":"open","ping_status":"open","sticky":false,"template":"","format":"standard","meta":{"footnotes":""},"categories":[7],"tags":[],"class_list":["post-45963","post","type-post","status-publish","format-standard","has-post-thumbnail","hentry","category-nacionales"],"_links":{"self":[{"href":"https:\/\/defrentealaverdad.com\/index.php\/wp-json\/wp\/v2\/posts\/45963","targetHints":{"allow":["GET"]}}],"collection":[{"href":"https:\/\/defrentealaverdad.com\/index.php\/wp-json\/wp\/v2\/posts"}],"about":[{"href":"https:\/\/defrentealaverdad.com\/index.php\/wp-json\/wp\/v2\/types\/post"}],"author":[{"embeddable":true,"href":"https:\/\/defrentealaverdad.com\/index.php\/wp-json\/wp\/v2\/users\/1"}],"replies":[{"embeddable":true,"href":"https:\/\/defrentealaverdad.com\/index.php\/wp-json\/wp\/v2\/comments?post=45963"}],"version-history":[{"count":1,"href":"https:\/\/defrentealaverdad.com\/index.php\/wp-json\/wp\/v2\/posts\/45963\/revisions"}],"predecessor-version":[{"id":45964,"href":"https:\/\/defrentealaverdad.com\/index.php\/wp-json\/wp\/v2\/posts\/45963\/revisions\/45964"}],"wp:featuredmedia":[{"embeddable":true,"href":"https:\/\/defrentealaverdad.com\/index.php\/wp-json\/wp\/v2\/media\/45965"}],"wp:attachment":[{"href":"https:\/\/defrentealaverdad.com\/index.php\/wp-json\/wp\/v2\/media?parent=45963"}],"wp:term":[{"taxonomy":"category","embeddable":true,"href":"https:\/\/defrentealaverdad.com\/index.php\/wp-json\/wp\/v2\/categories?post=45963"},{"taxonomy":"post_tag","embeddable":true,"href":"https:\/\/defrentealaverdad.com\/index.php\/wp-json\/wp\/v2\/tags?post=45963"}],"curies":[{"name":"wp","href":"https:\/\/api.w.org\/{rel}","templated":true}]}}