{"id":4596,"date":"2023-04-25T16:46:45","date_gmt":"2023-04-25T16:46:45","guid":{"rendered":"https:\/\/defrentealaverdad.com\/?p=4596"},"modified":"2023-04-26T16:48:12","modified_gmt":"2023-04-26T16:48:12","slug":"director-general-de-la-policia-nacional-designa-nuevo-director-central-de-operaciones-policiales","status":"publish","type":"post","link":"https:\/\/defrentealaverdad.com\/index.php\/2023\/04\/25\/director-general-de-la-policia-nacional-designa-nuevo-director-central-de-operaciones-policiales\/","title":{"rendered":"Director General de la Polic\u00eda Nacional designa nuevo Director Central de Operaciones Policiales"},"content":{"rendered":"<p>Por Felix Rubio<\/p>\n<p><img decoding=\"async\" class=\"aligncenter lazyload\" data-src=\"https:\/\/elpregonerord.com\/wp-content\/uploads\/2023\/04\/1063d458-51c0-4074-9b15-1bd8f4e3fd9c.jpg\" src=\"data:image\/svg+xml;base64,PHN2ZyB3aWR0aD0iMSIgaGVpZ2h0PSIxIiB4bWxucz0iaHR0cDovL3d3dy53My5vcmcvMjAwMC9zdmciPjwvc3ZnPg==\" \/><\/p>\n<p><strong>Santo Domingo.<\/strong>\u00a0La medida, dispuesta mediante el memor\u00e1ndum de fecha 2 de abril 2023, designa como Director Central de Operaciones Policiales de la Polic\u00eda Nacional el Coronel Lalkin A. Moquete P\u00e9rez (D.E.M.) en sustituci\u00f3n del Coronel Neolfis Jaquez Gonzalez, P. N., que fue designado como nuevo director regional Cibao-Sur de la Polic\u00eda Nacional, con asiento en Bonao, provincia Monse\u00f1or Nouel.<\/p>\n<p>El Coronel Moquete P\u00e9rez fue posicionado por el Subdirector General de la Polic\u00eda Nacional, General Julio C\u00e9sar Betances Hern\u00e1ndez, P. N, en un acto efectuado en el campamento Operaciones Especiales de la Polic\u00eda Nacional, con sede Manoguayabo, municipio Santo Domingo Oeste.<\/p>\n<p><strong>Sobre el Coronel Lalkin Moquete<\/strong><\/p>\n<p>Lalkin es un oficial de carrera de la Polic\u00eda Nacional, con formaci\u00f3n diplom\u00e1tica y con la formaci\u00f3n t\u00e1ctica y estrat\u00e9gica m\u00e1s avanzada de la instituci\u00f3n y de coordinaci\u00f3n interinstitucional, incluidos. Entre ellos, el curso de Montero del Ej\u00e9rcito Nacional, impartido conjuntamente por la Unidad Contraterrorismo del Ministerio de Defensa (MIDE), siendo este es un curso especializado de operaciones t\u00e1cticas en \u00e1reas urbanizadas. Tambi\u00e9n, Contraterrorismo Israel\u00ed y Avanzado de Operaciones Contra Terrorismo y Manejo de Crisis, destac\u00e1ndose como Francotirador.<\/p>\n<p>Ha realizado toda la formaci\u00f3n de la oficialidad policial, seg\u00fan la normativa policial vigente, incluidos el B\u00e1sico, Formaci\u00f3n Media y Avanzada, el Diplomado en Estado Mayor Conjunto, entre otras formaciones orientadas al respeto y garant\u00edas de los derechos y dignidad humana.<\/p>\n<p>Es instructor de combate cuerpo a cuerpo en artes marciales mixtas.<\/p>\n<div class=\"adsb30\"><ins class=\"adsbygoogle\" data-ad-client=\"ca-pub-6305406991022045\" data-ad-slot=\"2981090904\" data-ad-format=\"auto\" data-full-width-responsive=\"true\" data-adsbygoogle-status=\"done\" data-ad-status=\"filled\"><\/p>\n<div id=\"aswift_3_host\" tabindex=\"0\" title=\"Advertisement\" aria-label=\"Advertisement\"><strong>Es full biling\u00fce italiano y espa\u00f1ol<\/strong><\/div>\n<p><\/ins><\/div>\n<p>Asimismo, es egresado de la segunda promoci\u00f3n de protecci\u00f3n a dignatarios de la Polic\u00eda Nacional, con m\u00faltiples formaciones realizados juntamente con auspicios del Departamento Nacional de Investigaciones, el Cuerpo Especializado de Seguridad Presidencial (CUSEP), la Embajada de los Estados Unidos y de Israel, relacionadas a seguridad est\u00e1tica, din\u00e1mica y avanzada.<\/p>\n<p>Tiene adem\u00e1s formaci\u00f3n diplom\u00e1tica y ha sido Edec\u00e1n y responsable de anillo de seguridad de m\u00faltiples dignatarios que han visitado el pa\u00eds en misiones oficiales.<\/p>\n<p><strong>Caso interesante:<\/strong><\/p>\n<p>El Coronel Lalkin Moquete, es \u00fanico oficial superior en la historia del campamento de operaciones especiales que ha ejercido de Comandante de la Divisi\u00f3n Swat de Operaciones Especiales, luego Comandante del Departamento de Operaciones Especiales, que supervisa a las Divisiones Swat, Lince, Boinas Grises, K9 y Contraexplosivos, hasta que ha sido promovido a la posici\u00f3n de Director Central de Operaciones Policiales, por honrosa distinci\u00f3n del Director General del cuerpo del orden, Mayor General Eduardo Alberto Then, P. N., (D.E.M.)<\/p>\n<div class=\"adsb30\"><ins class=\"adsbygoogle\" data-ad-client=\"ca-pub-6305406991022045\" data-ad-slot=\"7850274206\" data-ad-format=\"auto\" data-full-width-responsive=\"true\" data-adsbygoogle-status=\"done\" data-ad-status=\"filled\"><\/ins><\/p>\n<div class=\"elementor elementor-202392\" data-elementor-type=\"widget\" data-elementor-id=\"202392\">\n<div class=\"elementor-inner\">\n<div class=\"elementor-section-wrap\">\n<div class=\"elementor-element elementor-element-202392 elementor-align-center elementor-widget elementor-widget-button\" data-id=\"202392\" data-element_type=\"widget\" data-widget_type=\"button.default\">\n<div class=\"elementor-widget-container\">\n<div class=\"elementor-button-wrapper\">Fuente: El Pregonero RD<\/div>\n<\/div>\n<\/div>\n<\/div>\n<\/div>\n<\/div>\n<\/div>\n","protected":false},"excerpt":{"rendered":"<p>Por Felix Rubio Santo Domingo.\u00a0La medida, dispuesta mediante el memor\u00e1ndum de fecha 2 de abril<\/p>\n","protected":false},"author":1,"featured_media":0,"comment_status":"open","ping_status":"open","sticky":false,"template":"","format":"standard","meta":{"footnotes":""},"categories":[7],"tags":[],"class_list":["post-4596","post","type-post","status-publish","format-standard","hentry","category-nacionales"],"_links":{"self":[{"href":"https:\/\/defrentealaverdad.com\/index.php\/wp-json\/wp\/v2\/posts\/4596","targetHints":{"allow":["GET"]}}],"collection":[{"href":"https:\/\/defrentealaverdad.com\/index.php\/wp-json\/wp\/v2\/posts"}],"about":[{"href":"https:\/\/defrentealaverdad.com\/index.php\/wp-json\/wp\/v2\/types\/post"}],"author":[{"embeddable":true,"href":"https:\/\/defrentealaverdad.com\/index.php\/wp-json\/wp\/v2\/users\/1"}],"replies":[{"embeddable":true,"href":"https:\/\/defrentealaverdad.com\/index.php\/wp-json\/wp\/v2\/comments?post=4596"}],"version-history":[{"count":1,"href":"https:\/\/defrentealaverdad.com\/index.php\/wp-json\/wp\/v2\/posts\/4596\/revisions"}],"predecessor-version":[{"id":4597,"href":"https:\/\/defrentealaverdad.com\/index.php\/wp-json\/wp\/v2\/posts\/4596\/revisions\/4597"}],"wp:attachment":[{"href":"https:\/\/defrentealaverdad.com\/index.php\/wp-json\/wp\/v2\/media?parent=4596"}],"wp:term":[{"taxonomy":"category","embeddable":true,"href":"https:\/\/defrentealaverdad.com\/index.php\/wp-json\/wp\/v2\/categories?post=4596"},{"taxonomy":"post_tag","embeddable":true,"href":"https:\/\/defrentealaverdad.com\/index.php\/wp-json\/wp\/v2\/tags?post=4596"}],"curies":[{"name":"wp","href":"https:\/\/api.w.org\/{rel}","templated":true}]}}