{"id":45937,"date":"2025-08-06T20:56:37","date_gmt":"2025-08-06T20:56:37","guid":{"rendered":"https:\/\/defrentealaverdad.com\/?p=45937"},"modified":"2025-08-07T00:57:42","modified_gmt":"2025-08-07T00:57:42","slug":"hector-gonz-celebra-20-anos-de-trayectoria-con-gran-concierto-en-hard-rock-cafe-santo-domingo","status":"publish","type":"post","link":"https:\/\/defrentealaverdad.com\/index.php\/2025\/08\/06\/hector-gonz-celebra-20-anos-de-trayectoria-con-gran-concierto-en-hard-rock-cafe-santo-domingo\/","title":{"rendered":"H\u00e9ctor Gonz celebra 20 a\u00f1os de trayectoria con gran concierto en Hard Rock Caf\u00e9 Santo Domingo"},"content":{"rendered":"<p style=\"text-align: justify;\">Santo Domingo, R.D.* \u2013 El pr\u00f3ximo 6 de septiembre, el reconocido artista H\u00e9ctor Gonz celebrar\u00e1 dos d\u00e9cadas de carrera musical con un concierto especial en Hard Rock Caf\u00e9 Santo Domingo, bajo el t\u00edtulo \u201c20 a\u00f1os: Una historia de pasi\u00f3n y viajes por el mundo\u201d.<\/p>\n<p style=\"text-align: justify;\">Ser\u00e1 una noche cargada de emoci\u00f3n, donde la bachata y las fusiones latinas ser\u00e1n las protagonistas. H\u00e9ctor Gonz, quien desde sus inicios tuvo como visi\u00f3n convertirse en el coraz\u00f3n pulsante de la bachata, ha logrado llevar este ritmo a escenarios de todo el mundo, convirti\u00e9ndose en un verdadero embajador del g\u00e9nero.<\/p>\n<p style=\"text-align: justify;\">Desde peque\u00f1os clubes hasta grandes festivales internacionales, la m\u00fasica de H\u00e9ctor Gonz ha cruzado fronteras, uniendo culturas y conquistando corazones en casi todos los continentes. Su trayectoria es testimonio del poder universal de la bachata como lenguaje musical y cultural.<\/p>\n<blockquote>\n<p style=\"text-align: center;\">\u201cCada nota, cada acorde y cada presentaci\u00f3n han sido un puente entre la Rep\u00fablica Dominicana y el mundo\u201d, expres\u00f3 el artista, al referirse a esta celebraci\u00f3n como un homenaje al legado construido junto a su p\u00fablico durante estos 20 a\u00f1os.<\/p>\n<\/blockquote>\n<p style=\"text-align: justify;\">El concierto promete ser m\u00e1s que una fiesta: ser\u00e1 un recorrido musical por los \u00e9xitos, las vivencias y las emociones que han marcado su carrera. Una velada inolvidable para honrar la m\u00fasica que une, la pasi\u00f3n que inspira y el esp\u00edritu inquebrantable de un artista comprometido con su arte.<\/p>\n<p style=\"text-align: justify;\">Las boletas est\u00e1n disponibles en Ticketmax y en la boleter\u00eda de Hard Rock Caf\u00e9 Santo Domingo.<\/p>\n<p>Fuente: J. Royce<\/p>\n","protected":false},"excerpt":{"rendered":"<p>Santo Domingo, R.D.* \u2013 El pr\u00f3ximo 6 de septiembre, el reconocido artista H\u00e9ctor Gonz celebrar\u00e1<\/p>\n","protected":false},"author":1,"featured_media":45938,"comment_status":"open","ping_status":"open","sticky":false,"template":"","format":"standard","meta":{"footnotes":""},"categories":[249],"tags":[],"class_list":["post-45937","post","type-post","status-publish","format-standard","has-post-thumbnail","hentry","category-farandula"],"_links":{"self":[{"href":"https:\/\/defrentealaverdad.com\/index.php\/wp-json\/wp\/v2\/posts\/45937","targetHints":{"allow":["GET"]}}],"collection":[{"href":"https:\/\/defrentealaverdad.com\/index.php\/wp-json\/wp\/v2\/posts"}],"about":[{"href":"https:\/\/defrentealaverdad.com\/index.php\/wp-json\/wp\/v2\/types\/post"}],"author":[{"embeddable":true,"href":"https:\/\/defrentealaverdad.com\/index.php\/wp-json\/wp\/v2\/users\/1"}],"replies":[{"embeddable":true,"href":"https:\/\/defrentealaverdad.com\/index.php\/wp-json\/wp\/v2\/comments?post=45937"}],"version-history":[{"count":1,"href":"https:\/\/defrentealaverdad.com\/index.php\/wp-json\/wp\/v2\/posts\/45937\/revisions"}],"predecessor-version":[{"id":45939,"href":"https:\/\/defrentealaverdad.com\/index.php\/wp-json\/wp\/v2\/posts\/45937\/revisions\/45939"}],"wp:featuredmedia":[{"embeddable":true,"href":"https:\/\/defrentealaverdad.com\/index.php\/wp-json\/wp\/v2\/media\/45938"}],"wp:attachment":[{"href":"https:\/\/defrentealaverdad.com\/index.php\/wp-json\/wp\/v2\/media?parent=45937"}],"wp:term":[{"taxonomy":"category","embeddable":true,"href":"https:\/\/defrentealaverdad.com\/index.php\/wp-json\/wp\/v2\/categories?post=45937"},{"taxonomy":"post_tag","embeddable":true,"href":"https:\/\/defrentealaverdad.com\/index.php\/wp-json\/wp\/v2\/tags?post=45937"}],"curies":[{"name":"wp","href":"https:\/\/api.w.org\/{rel}","templated":true}]}}