{"id":45934,"date":"2025-08-06T20:00:31","date_gmt":"2025-08-06T20:00:31","guid":{"rendered":"https:\/\/defrentealaverdad.com\/?p=45934"},"modified":"2025-08-07T00:55:37","modified_gmt":"2025-08-07T00:55:37","slug":"mide-consolida-politica-de-dignificacion-para-retirados-y-familiares-de-las-fuerzas-armadas","status":"publish","type":"post","link":"https:\/\/defrentealaverdad.com\/index.php\/2025\/08\/06\/mide-consolida-politica-de-dignificacion-para-retirados-y-familiares-de-las-fuerzas-armadas\/","title":{"rendered":"MIDE consolida pol\u00edtica de dignificaci\u00f3n para retirados y familiares de las Fuerzas Armadas"},"content":{"rendered":"<p style=\"text-align: justify;\">Santo Domingo.\u2013 En un nuevo paso hacia la consolidaci\u00f3n de una pol\u00edtica p\u00fablica centrada en el reconocimiento y bienestar de los miembros retirados de las Fuerzas Armadas, el Ministerio de Defensa (MIDE), a trav\u00e9s de la Junta de Retiro y Fondo de Pensiones (JRFPFFAA), realiz\u00f3 la entrega de RD$4,542,375 en pagos retroactivos a 130 beneficiarios, entre ellos retirados, viudas y tutores.<\/p>\n<p style=\"text-align: justify;\">Este desembolso responde al compromiso asumido por el presidente de la Rep\u00fablica, Luis Rodolfo Abinader Corona, de asegurar que los hombres y mujeres que sirvieron a la naci\u00f3n reciban con dignidad los beneficios que les corresponden. Bajo la direcci\u00f3n del Teniente General Carlos Antonio Fern\u00e1ndez Onofre, ERD, actual Ministro de Defensa, ya suman m\u00e1s de RD$29 millones distribuidos a 667 beneficiarios durante su gesti\u00f3n.<\/p>\n<p style=\"text-align: justify;\">El General de Brigada Pablo Roberto Jim\u00e9nez S\u00e1nchez, ERD, presidente de la JRFPFFAA, subray\u00f3 que estos avances no son fortuitos. Record\u00f3 que fue precisamente el actual Ministro de Defensa quien, en 2020, impuls\u00f3 la reactivaci\u00f3n de estos pagos cuando presid\u00eda la Junta, y desde entonces ha sostenido una l\u00ednea de acci\u00f3n que hoy permite afirmar que no existen retrasos pendientes por este concepto.<\/p>\n<p style=\"text-align: justify;\">M\u00e1s que una entrega econ\u00f3mica, este esfuerzo forma parte de una pol\u00edtica integral de cuidado y respaldo social, orientada a reconocer el legado de quienes protegieron la soberan\u00eda nacional. La JRFPFFAA ha fortalecido su rol como garante de los derechos adquiridos por los retirados, y contin\u00faa trabajando para mejorar su calidad de vida a trav\u00e9s de programas sostenibles, transparentes y eficientes.<\/p>\n<p style=\"text-align: justify;\">Este modelo de gesti\u00f3n refuerza los valores institucionales de respeto, gratitud y compromiso con la familia militar, y consolida una visi\u00f3n de largo plazo enfocada en la justicia social, la \u00e9tica y la responsabilidad institucional.<\/p>\n<p>Fuente: Prensa MIDE<\/p>\n","protected":false},"excerpt":{"rendered":"<p>Santo Domingo.\u2013 En un nuevo paso hacia la consolidaci\u00f3n de una pol\u00edtica p\u00fablica centrada en<\/p>\n","protected":false},"author":1,"featured_media":45935,"comment_status":"open","ping_status":"open","sticky":false,"template":"","format":"standard","meta":{"footnotes":""},"categories":[7],"tags":[],"class_list":["post-45934","post","type-post","status-publish","format-standard","has-post-thumbnail","hentry","category-nacionales"],"_links":{"self":[{"href":"https:\/\/defrentealaverdad.com\/index.php\/wp-json\/wp\/v2\/posts\/45934","targetHints":{"allow":["GET"]}}],"collection":[{"href":"https:\/\/defrentealaverdad.com\/index.php\/wp-json\/wp\/v2\/posts"}],"about":[{"href":"https:\/\/defrentealaverdad.com\/index.php\/wp-json\/wp\/v2\/types\/post"}],"author":[{"embeddable":true,"href":"https:\/\/defrentealaverdad.com\/index.php\/wp-json\/wp\/v2\/users\/1"}],"replies":[{"embeddable":true,"href":"https:\/\/defrentealaverdad.com\/index.php\/wp-json\/wp\/v2\/comments?post=45934"}],"version-history":[{"count":1,"href":"https:\/\/defrentealaverdad.com\/index.php\/wp-json\/wp\/v2\/posts\/45934\/revisions"}],"predecessor-version":[{"id":45936,"href":"https:\/\/defrentealaverdad.com\/index.php\/wp-json\/wp\/v2\/posts\/45934\/revisions\/45936"}],"wp:featuredmedia":[{"embeddable":true,"href":"https:\/\/defrentealaverdad.com\/index.php\/wp-json\/wp\/v2\/media\/45935"}],"wp:attachment":[{"href":"https:\/\/defrentealaverdad.com\/index.php\/wp-json\/wp\/v2\/media?parent=45934"}],"wp:term":[{"taxonomy":"category","embeddable":true,"href":"https:\/\/defrentealaverdad.com\/index.php\/wp-json\/wp\/v2\/categories?post=45934"},{"taxonomy":"post_tag","embeddable":true,"href":"https:\/\/defrentealaverdad.com\/index.php\/wp-json\/wp\/v2\/tags?post=45934"}],"curies":[{"name":"wp","href":"https:\/\/api.w.org\/{rel}","templated":true}]}}