{"id":4592,"date":"2023-04-25T16:44:34","date_gmt":"2023-04-25T16:44:34","guid":{"rendered":"https:\/\/defrentealaverdad.com\/?p=4592"},"modified":"2023-04-26T16:45:25","modified_gmt":"2023-04-26T16:45:25","slug":"apresan-dos-personas-robaron-tarjeta-de-debito-y-realizaron-consumos-por-270-mil-pesos","status":"publish","type":"post","link":"https:\/\/defrentealaverdad.com\/index.php\/2023\/04\/25\/apresan-dos-personas-robaron-tarjeta-de-debito-y-realizaron-consumos-por-270-mil-pesos\/","title":{"rendered":"Apresan dos personas robaron tarjeta de d\u00e9bito y realizaron consumos por 270 mil pesos"},"content":{"rendered":"<header id=\"mvp-post-head\" class=\"left relative\">\n<div class=\"mvp-author-info-wrap left relative\">\n<div class=\"mvp-author-info-text left relative\">\n<div class=\"mvp-author-info-name left relative\" style=\"text-align: left;\"><\/div>\n<\/div>\n<\/div>\n<\/header>\n<div id=\"mvp-post-content\" class=\"left relative\">\n<div id=\"mvp-post-feat-img\" class=\"left relative mvp-post-feat-img-wide2\" style=\"text-align: left;\"><img decoding=\"async\" class=\"attachment- size- wp-post-image aligncenter lazyload\" data-src=\"https:\/\/www.ultimasnoticias.com.do\/wp-content\/uploads\/2023\/04\/tarjeta.jpeg\" data-sizes=\"(max-width: 420px) 100vw, 420px\" data-srcset=\"https:\/\/www.ultimasnoticias.com.do\/wp-content\/uploads\/2023\/04\/tarjeta.jpeg 420w, https:\/\/www.ultimasnoticias.com.do\/wp-content\/uploads\/2023\/04\/tarjeta-300x191.jpeg 300w\" alt=\"\" width=\"420\" height=\"268\" src=\"data:image\/svg+xml;base64,PHN2ZyB3aWR0aD0iMSIgaGVpZ2h0PSIxIiB4bWxucz0iaHR0cDovL3d3dy53My5vcmcvMjAwMC9zdmciPjwvc3ZnPg==\" style=\"--smush-placeholder-width: 420px; --smush-placeholder-aspect-ratio: 420\/268;\" \/><\/div>\n<div id=\"mvp-content-wrap\" class=\"left relative\">\n<div id=\"mvp-content-body\" class=\"left relative\">\n<div id=\"mvp-content-body-top\" class=\"left relative\">\n<div id=\"mvp-content-main\" class=\"left relative\">\n<p style=\"text-align: left;\">Agentes policiales, adscritos a la Secci\u00f3n de Investigaciones de Alta Tecnolog\u00eda (DICAT), de puesto en el distrito municipal Ver\u00f3n, del municipio de Hig\u00fcey, provincia La Altagracia, apresaron un hombre y una mujer acusados de ser los presuntos autores del robo de dos tarjetas de d\u00e9bito, con la cual hicieron consumos no autorizados por la suma total de 269,565 pesos en varios centros comerciales, incluyendo de la provincia La Romana.<\/p>\n<p style=\"text-align: left;\">Los detenidos son Jos\u00e9 Miguel Victorio Santana (a) Matacuerito, y Jinely Carpio, quienes se trasladaban en el carro marca Honda Civic, a\u00f1o 2012, placa No. A761968 (retenido por la Polic\u00eda), en el cual visitaron bombas de expendio de gasolina y otros establecimientos para cometer los hechos.<\/p>\n<p style=\"text-align: left;\">El apresamiento se produjo dando seguimiento a una denuncia interpuesta en la provincia La Altagracia, por lo que los organismos de investigaci\u00f3n dieron seguimiento a los malhechores, logrando sus capturas.<\/p>\n<p style=\"text-align: left;\">El informe preliminar cuenta que Victorio Santana (a) Matacuerito, junto a Jinely Carpio, acudieron a varios comercios de las provincias vecinas La Romana y La Altagracia para realizar sus actos delictivos.<\/p>\n<p style=\"text-align: left;\">Los prevenidos y ocupado ser\u00e1n enviados ante el Ministerio P\u00fablico, para los fines legales correspondientes.<\/p>\n<\/div>\n<\/div>\n<p>Fuente: DICAT<\/p>\n<\/div>\n<\/div>\n<\/div>\n","protected":false},"excerpt":{"rendered":"<p>Agentes policiales, adscritos a la Secci\u00f3n de Investigaciones de Alta Tecnolog\u00eda (DICAT), de puesto en<\/p>\n","protected":false},"author":1,"featured_media":0,"comment_status":"open","ping_status":"open","sticky":false,"template":"","format":"standard","meta":{"footnotes":""},"categories":[2,7],"tags":[],"class_list":["post-4592","post","type-post","status-publish","format-standard","hentry","category-economicas","category-nacionales"],"_links":{"self":[{"href":"https:\/\/defrentealaverdad.com\/index.php\/wp-json\/wp\/v2\/posts\/4592","targetHints":{"allow":["GET"]}}],"collection":[{"href":"https:\/\/defrentealaverdad.com\/index.php\/wp-json\/wp\/v2\/posts"}],"about":[{"href":"https:\/\/defrentealaverdad.com\/index.php\/wp-json\/wp\/v2\/types\/post"}],"author":[{"embeddable":true,"href":"https:\/\/defrentealaverdad.com\/index.php\/wp-json\/wp\/v2\/users\/1"}],"replies":[{"embeddable":true,"href":"https:\/\/defrentealaverdad.com\/index.php\/wp-json\/wp\/v2\/comments?post=4592"}],"version-history":[{"count":1,"href":"https:\/\/defrentealaverdad.com\/index.php\/wp-json\/wp\/v2\/posts\/4592\/revisions"}],"predecessor-version":[{"id":4593,"href":"https:\/\/defrentealaverdad.com\/index.php\/wp-json\/wp\/v2\/posts\/4592\/revisions\/4593"}],"wp:attachment":[{"href":"https:\/\/defrentealaverdad.com\/index.php\/wp-json\/wp\/v2\/media?parent=4592"}],"wp:term":[{"taxonomy":"category","embeddable":true,"href":"https:\/\/defrentealaverdad.com\/index.php\/wp-json\/wp\/v2\/categories?post=4592"},{"taxonomy":"post_tag","embeddable":true,"href":"https:\/\/defrentealaverdad.com\/index.php\/wp-json\/wp\/v2\/tags?post=4592"}],"curies":[{"name":"wp","href":"https:\/\/api.w.org\/{rel}","templated":true}]}}