{"id":4520,"date":"2023-04-24T16:59:18","date_gmt":"2023-04-24T16:59:18","guid":{"rendered":"https:\/\/defrentealaverdad.com\/?p=4520"},"modified":"2023-04-24T16:59:18","modified_gmt":"2023-04-24T16:59:18","slug":"pastora-dominicana-radicada-en-italia-pone-en-circulacion-libro-con-poderoso-llamado-para-la-iglesia-a-las-misiones","status":"publish","type":"post","link":"https:\/\/defrentealaverdad.com\/index.php\/2023\/04\/24\/pastora-dominicana-radicada-en-italia-pone-en-circulacion-libro-con-poderoso-llamado-para-la-iglesia-a-las-misiones\/","title":{"rendered":"Pastora dominicana radicada en Italia pone en circulaci\u00f3n libro con poderoso llamado para la iglesia a las misiones"},"content":{"rendered":"<p style=\"text-align: justify;\"><img decoding=\"async\" class=\"alignnone size-medium wp-image-4521 lazyload\" data-src=\"https:\/\/defrentealaverdad.com\/wp-content\/uploads\/2023\/04\/WhatsApp-Image-2023-04-24-at-12.34.48-300x298.jpeg\" alt=\"\" width=\"300\" height=\"298\" data-srcset=\"https:\/\/defrentealaverdad.com\/wp-content\/uploads\/2023\/04\/WhatsApp-Image-2023-04-24-at-12.34.48-300x298.jpeg 300w, https:\/\/defrentealaverdad.com\/wp-content\/uploads\/2023\/04\/WhatsApp-Image-2023-04-24-at-12.34.48-150x150.jpeg 150w, https:\/\/defrentealaverdad.com\/wp-content\/uploads\/2023\/04\/WhatsApp-Image-2023-04-24-at-12.34.48.jpeg 720w\" data-sizes=\"(max-width: 300px) 100vw, 300px\" src=\"data:image\/svg+xml;base64,PHN2ZyB3aWR0aD0iMSIgaGVpZ2h0PSIxIiB4bWxucz0iaHR0cDovL3d3dy53My5vcmcvMjAwMC9zdmciPjwvc3ZnPg==\" style=\"--smush-placeholder-width: 300px; --smush-placeholder-aspect-ratio: 300\/298;\" \/><\/p>\n<p style=\"text-align: justify;\">SANTO DOMINGO, Rep\u00fablica Dominicana.- Con una importante afluencia de personas relacionadas a la literatura y el arte cristiano, el pasado viernes 21 de abril enero, la pastora dominicana radicada en Italia, Mariela de los Santos Cerasino puso en circulaci\u00f3n su m\u00e1s reciente obra literaria <strong><em>\u201cHe Aqu\u00ed, T\u00fa Llamar\u00e1s Naciones\u201d,<\/em><\/strong> un retrato vivencial de la importancia que tienen las misiones para la iglesia cristiana y el mundo en la actualidad.<\/p>\n<p>El libro tiene como tem\u00e1tica principal el llamado misionero a las naciones, plantaci\u00f3n de iglesia y su testimonio, dicha joya de la literatura de corte evangel\u00edstico fue puesto en circulaci\u00f3n, utilizando como escenario el Sal\u00f3n Multiuso de la Iglesia Cristiana presidida por el pastor Rafael Montalvo, en donde personalidades e interesados en conocer la obra se dieron cita para bendecir el proyecto de la pastora as\u00ed como expresarle sus m\u00e1s sinceras felicitaciones.<\/p>\n<p>La pastora De los Santos afirm\u00f3 que para ella este libro es un llamado a que a trav\u00e9s de su testimonio de vida y servicio a la obra misionera del pueblo de Dios otras personas se interesen en no solo apoyar por medio de recursos econ\u00f3micos las misiones sino tambi\u00e9n con su tiempo, dones y talento recalcando que a Dios no le damos sino que le devolvemos de lo que ya \u00c9l nos dio.<\/p>\n<p style=\"text-align: justify;\">El libro estar\u00e1 disponible en las principales librer\u00edas cristianas del pa\u00eds y tambi\u00e9n podr\u00e1 ser adquirido por medio de las redes sociales de la escritora.<\/p>\n<p style=\"text-align: justify;\">\n<strong>Sobre la escritora<\/strong><\/p>\n<p style=\"text-align: justify;\">\nLa pastora Mariela de los Santos Cerasino, es una mujer de Dios que junto a su esposo sirve a la obra y han constituido varias iglesias alrededor del mundo. Lleg\u00f3 a Italia a sus 24 a\u00f1os con el firme prop\u00f3sito de anunciar all\u00ed, las buenas nuevas del Evangelio y desde all\u00ed se ha mantenido trabajando y al servicio de la expansi\u00f3n del Reino de Dios. Mariela se convirti\u00f3 en una de las primeras misioneras de Rep\u00fablica Dominicana.<\/p>\n<p>Desde el momento que sali\u00f3 de su natal Rep\u00fablica Dominicana, Mariela De los Santos ha trabajado, guiada por el Esp\u00edritu Santo en la proclamaci\u00f3n de esperanza y salvaci\u00f3n que significa Cristo para el pueblo italiano y el resto del mundo.\u00a0 Junto a \u00a0su esposo, \u00a0Aldo Cerasino fueron una de las primeras parejas de misioneros que han trabajado en favor de diversos proyectos de corte cristiano a favor de las comunidades en el viejo continente europeo.<\/p>\n<p style=\"text-align: justify;\">\n<p style=\"text-align: justify;\">Fuente: Grupo Cristiano<\/p>\n","protected":false},"excerpt":{"rendered":"<p>SANTO DOMINGO, Rep\u00fablica Dominicana.- Con una importante afluencia de personas relacionadas a la literatura y<\/p>\n","protected":false},"author":2,"featured_media":0,"comment_status":"open","ping_status":"open","sticky":false,"template":"","format":"standard","meta":{"footnotes":""},"categories":[16],"tags":[],"class_list":["post-4520","post","type-post","status-publish","format-standard","hentry","category-internacionales"],"_links":{"self":[{"href":"https:\/\/defrentealaverdad.com\/index.php\/wp-json\/wp\/v2\/posts\/4520","targetHints":{"allow":["GET"]}}],"collection":[{"href":"https:\/\/defrentealaverdad.com\/index.php\/wp-json\/wp\/v2\/posts"}],"about":[{"href":"https:\/\/defrentealaverdad.com\/index.php\/wp-json\/wp\/v2\/types\/post"}],"author":[{"embeddable":true,"href":"https:\/\/defrentealaverdad.com\/index.php\/wp-json\/wp\/v2\/users\/2"}],"replies":[{"embeddable":true,"href":"https:\/\/defrentealaverdad.com\/index.php\/wp-json\/wp\/v2\/comments?post=4520"}],"version-history":[{"count":1,"href":"https:\/\/defrentealaverdad.com\/index.php\/wp-json\/wp\/v2\/posts\/4520\/revisions"}],"predecessor-version":[{"id":4522,"href":"https:\/\/defrentealaverdad.com\/index.php\/wp-json\/wp\/v2\/posts\/4520\/revisions\/4522"}],"wp:attachment":[{"href":"https:\/\/defrentealaverdad.com\/index.php\/wp-json\/wp\/v2\/media?parent=4520"}],"wp:term":[{"taxonomy":"category","embeddable":true,"href":"https:\/\/defrentealaverdad.com\/index.php\/wp-json\/wp\/v2\/categories?post=4520"},{"taxonomy":"post_tag","embeddable":true,"href":"https:\/\/defrentealaverdad.com\/index.php\/wp-json\/wp\/v2\/tags?post=4520"}],"curies":[{"name":"wp","href":"https:\/\/api.w.org\/{rel}","templated":true}]}}