{"id":4517,"date":"2023-04-24T16:34:03","date_gmt":"2023-04-24T16:34:03","guid":{"rendered":"https:\/\/defrentealaverdad.com\/?p=4517"},"modified":"2023-04-24T16:34:03","modified_gmt":"2023-04-24T16:34:03","slug":"dia-de-la-tierra-un-recordatorio-para-cuidar-nuestro-planeta","status":"publish","type":"post","link":"https:\/\/defrentealaverdad.com\/index.php\/2023\/04\/24\/dia-de-la-tierra-un-recordatorio-para-cuidar-nuestro-planeta\/","title":{"rendered":"D\u00eda de la Tierra: Un recordatorio para cuidar nuestro planeta"},"content":{"rendered":"<p style=\"text-align: justify;\">\u00b7\u00a0\u00a0\u00a0\u00a0\u00a0\u00a0\u00a0\u00a0 <em>El tema del D\u00eda de la Tierra 2023 es &#8216;Invertir en nuestro planeta&#8217;<\/em><\/p>\n<p style=\"text-align: justify;\">\u00b7\u00a0\u00a0\u00a0\u00a0\u00a0\u00a0\u00a0\u00a0 <em>La multinacional de origen sueco, Essity, busca lograr cero emisiones netas de carbono para el 2050<\/em><\/p>\n<p style=\"text-align: justify;\"><em> <img decoding=\"async\" class=\"size-medium wp-image-4518 aligncenter lazyload\" data-src=\"https:\/\/defrentealaverdad.com\/wp-content\/uploads\/2023\/04\/Apoyo-1-1-300x252.jpg\" alt=\"\" width=\"300\" height=\"252\" data-srcset=\"https:\/\/defrentealaverdad.com\/wp-content\/uploads\/2023\/04\/Apoyo-1-1-300x252.jpg 300w, https:\/\/defrentealaverdad.com\/wp-content\/uploads\/2023\/04\/Apoyo-1-1-1024x861.jpg 1024w, https:\/\/defrentealaverdad.com\/wp-content\/uploads\/2023\/04\/Apoyo-1-1-768x646.jpg 768w, https:\/\/defrentealaverdad.com\/wp-content\/uploads\/2023\/04\/Apoyo-1-1-1536x1292.jpg 1536w, https:\/\/defrentealaverdad.com\/wp-content\/uploads\/2023\/04\/Apoyo-1-1-2048x1722.jpg 2048w\" data-sizes=\"(max-width: 300px) 100vw, 300px\" src=\"data:image\/svg+xml;base64,PHN2ZyB3aWR0aD0iMSIgaGVpZ2h0PSIxIiB4bWxucz0iaHR0cDovL3d3dy53My5vcmcvMjAwMC9zdmciPjwvc3ZnPg==\" style=\"--smush-placeholder-width: 300px; --smush-placeholder-aspect-ratio: 300\/252;\" \/><\/em><\/p>\n<p style=\"text-align: justify;\"><strong>Santo Domingo. <\/strong>Cada a\u00f1o, m\u00e1s de mil millones de personas celebran el D\u00eda de la Tierra\u00a0 invitando a reflexionar sobre el cuidado del medioambiente, y a tomar medidas para generar cambios en nuestras comunidades. Este a\u00f1o, bajo el tema \u201cInvertir en nuestro planeta\u201d, se busca persuadir a los gobiernos, empresas y ciudadanos a accionar activamente a favor de nuestro entorno.<\/p>\n<p style=\"text-align: justify;\">El programa Armon\u00eda con la Naturaleza, impulsado por la Organizaci\u00f3n de las Naciones Unidas (ONU) con el objetivo de lograr un equilibrio entre las necesidades econ\u00f3micas, sociales y ambientales del presente y el futuro,\u00a0 advierte que el agotamiento de los recursos naturales y la r\u00e1pida degradaci\u00f3n ambiental son las consecuencias del actual modelo insostenible de consumo y producci\u00f3n.<\/p>\n<p style=\"text-align: justify;\">Para disminuir el impacto negativo en materia de producci\u00f3n, es necesario que las empresas fomenten planes estructurales a largo plazo que busquen el bienestar del planeta, asumiendo su responsabilidad sobre los impactos que tienen sus actividades en la sociedad y el medio ambiente, contribuyendo al desarrollo sostenible.<\/p>\n<p style=\"text-align: justify;\">Consciente de esta realidad, la multinacional de origen sueco Essity, a trav\u00e9s de su marca Familia, promueve alternativas para la higiene a partir del desarrollo de soluciones de higiene m\u00e1s sostenibles. La l\u00ednea Familia Green, por ejemplo, ofrece un \u00a0papel producido 100% de fibras recicladas, material de empaque producido con pl\u00e1stico recuperado y 100% reciclable. Adem\u00e1s la marca tambi\u00e9n lidera acciones de inclusi\u00f3n al destinar el 5% de las ventas de la l\u00ednea a mejorar las condiciones de vida de los recicladores de oficio.<\/p>\n<p style=\"text-align: justify;\">\u201cFamilia Green tiene una propuesta integral basada en estrategias enfocadas al cuidado del medio ambiente, para cuidar y mejorar los ciclos de vida y la promoci\u00f3n de una sociedad circular <em>reafirmando nuestro compromiso en generar bienestar, brindando soluciones innovadoras, pr\u00e1cticas y sostenibles para el beneficio de la sociedad<\/em>\u201d, afirm\u00f3 Adriana Navarro, Directora Comercial de Essity para el Caribe.<\/p>\n<p style=\"text-align: justify;\">Dentro de las metas ambientales de Essity, la compa\u00f1\u00eda busca lograr cero emisiones netas de carbono para el 2050 a trav\u00e9s de soluciones vanguardistas de higiene y salud. Adem\u00e1s, para 2030 se compromete a reducir en 35% los gases de efecto invernadero alcance uno y dos, y recuperar el 100% de los residuos que genera en sus procesos productivos.<\/p>\n<p style=\"text-align: justify;\">\n<p style=\"text-align: justify;\"><strong>Sobre Essity:<\/strong><\/p>\n<p style=\"text-align: justify;\">Essity es una compa\u00f1\u00eda l\u00edder en el mercado global del sector de higiene y salud dedicada a mejorar el bienestar a trav\u00e9s de sus productos y servicios. Los productos de Essity se venden aproximadamente en 150 pa\u00edses bajo las marcas globales TENA\u00ae y Tork\u00ae, la marca local Colhogar\u00ae y otras marcas importantes como Actimove\u00ae, JOBST\u00ae, Leukoplast\u00ae, Libero\u00ae, Libresse\u00ae, Lotus\u00ae, Nosotras\u00ae, Saba\u00ae, Tempo\u00ae, TOM Organic\u00ae, Vinda\u00ae y Zewa\u00ae. Essity cuenta con unos 46 000 empleados. Las ventas netas de 2021 ascendieron aproximadamente a 122 000 millones de coronas suecas (12 000 millones de euros). Su sede se encuentra en Estocolmo (Suecia) y cotiza en el mercado de valores Nasdaq de Estocolmo. Essity rompe barreras por el bienestar y contribuye con una sociedad saludable, sostenible y circular. M\u00e1s informaci\u00f3n en www.essity.com<\/p>\n<p>&nbsp;<\/p>\n<p style=\"text-align: justify;\">Fuente:\u00a0Laura Minyetty (<a href=\"mailto:lminyetty@beltcom.com\">lminyetty@beltcom.com)<\/a><\/p>\n<p style=\"text-align: justify;\">\n<p>&nbsp;<\/p>\n","protected":false},"excerpt":{"rendered":"<p>\u00b7\u00a0\u00a0\u00a0\u00a0\u00a0\u00a0\u00a0\u00a0 El tema del D\u00eda de la Tierra 2023 es &#8216;Invertir en nuestro planeta&#8217; \u00b7\u00a0\u00a0\u00a0\u00a0\u00a0\u00a0\u00a0\u00a0<\/p>\n","protected":false},"author":1,"featured_media":0,"comment_status":"open","ping_status":"open","sticky":false,"template":"","format":"standard","meta":{"footnotes":""},"categories":[229,16,233],"tags":[],"class_list":["post-4517","post","type-post","status-publish","format-standard","hentry","category-clima","category-internacionales","category-medio-ambiente"],"_links":{"self":[{"href":"https:\/\/defrentealaverdad.com\/index.php\/wp-json\/wp\/v2\/posts\/4517","targetHints":{"allow":["GET"]}}],"collection":[{"href":"https:\/\/defrentealaverdad.com\/index.php\/wp-json\/wp\/v2\/posts"}],"about":[{"href":"https:\/\/defrentealaverdad.com\/index.php\/wp-json\/wp\/v2\/types\/post"}],"author":[{"embeddable":true,"href":"https:\/\/defrentealaverdad.com\/index.php\/wp-json\/wp\/v2\/users\/1"}],"replies":[{"embeddable":true,"href":"https:\/\/defrentealaverdad.com\/index.php\/wp-json\/wp\/v2\/comments?post=4517"}],"version-history":[{"count":1,"href":"https:\/\/defrentealaverdad.com\/index.php\/wp-json\/wp\/v2\/posts\/4517\/revisions"}],"predecessor-version":[{"id":4519,"href":"https:\/\/defrentealaverdad.com\/index.php\/wp-json\/wp\/v2\/posts\/4517\/revisions\/4519"}],"wp:attachment":[{"href":"https:\/\/defrentealaverdad.com\/index.php\/wp-json\/wp\/v2\/media?parent=4517"}],"wp:term":[{"taxonomy":"category","embeddable":true,"href":"https:\/\/defrentealaverdad.com\/index.php\/wp-json\/wp\/v2\/categories?post=4517"},{"taxonomy":"post_tag","embeddable":true,"href":"https:\/\/defrentealaverdad.com\/index.php\/wp-json\/wp\/v2\/tags?post=4517"}],"curies":[{"name":"wp","href":"https:\/\/api.w.org\/{rel}","templated":true}]}}