{"id":4501,"date":"2023-04-21T18:52:05","date_gmt":"2023-04-21T18:52:05","guid":{"rendered":"https:\/\/defrentealaverdad.com\/?p=4501"},"modified":"2023-04-21T18:55:49","modified_gmt":"2023-04-21T18:55:49","slug":"junta-de-retiro-y-fondo-de-pensiones-de-las-fuerzas-armadas-inaugura-barberia-para-militares-retirados","status":"publish","type":"post","link":"https:\/\/defrentealaverdad.com\/index.php\/2023\/04\/21\/junta-de-retiro-y-fondo-de-pensiones-de-las-fuerzas-armadas-inaugura-barberia-para-militares-retirados\/","title":{"rendered":"Junta de Retiro y Fondo de Pensiones de las Fuerzas Armadas inaugura Barber\u00eda para militares retirados"},"content":{"rendered":"<p>Por Felix Rubio<\/p>\n<p style=\"text-align: justify;\"><img decoding=\"async\" class=\"aligncenter lazyload\" data-src=\"https:\/\/blogger.googleusercontent.com\/img\/b\/R29vZ2xl\/AVvXsEhVK7v5WzESOzJNt-mxUXH88LHpP_4O17IbWUcxdCwP5hCtGxgdxxB4ZSBR_ciHikKrf108yNZh1KIFoilJpqefeeNq45lHhjjFo-cXEGI_gwngNNm9oKeQHR0jci1vWG5EsrvlgeuIxzgETni-G4N65U0SboiuxfqdbLwcRLZBfAXNjXoocCqKUiUF\/s1080\/FB_IMG_1682084110474.jpg\" width=\"723\" height=\"482\" src=\"data:image\/svg+xml;base64,PHN2ZyB3aWR0aD0iMSIgaGVpZ2h0PSIxIiB4bWxucz0iaHR0cDovL3d3dy53My5vcmcvMjAwMC9zdmciPjwvc3ZnPg==\" style=\"--smush-placeholder-width: 723px; --smush-placeholder-aspect-ratio: 723\/482;\" \/><\/p>\n<p style=\"text-align: justify;\">Con el objetivo de seguir brindando facilidades a los retirados militares de manera gratuita, el Ministro de Defensa Teniente General Carlos Luciano D\u00edaz Morfa, ERD, y el Presidente de la JRFPFFAA, Mayor General Julio C\u00e9sar A. Hern\u00e1ndez Olivero, ERD., inauguraron una moderna Barber\u00eda en el edificio principal de la Junta de Retiro y Fondos de Pensiones de las Fuerzas Armadas (JRFPFFAA).<\/p>\n<p style=\"text-align: justify;\">El Ministro de Defensa, Teniente General Carlos Luciano D\u00edaz Morfa, ERD., al concluir el acto, dijo que \u201cEsta inauguraci\u00f3n es una muestra m\u00e1s del inter\u00e9s permanente del Excelent\u00edsimo Se\u00f1or Presidente Luis Rodolfo Abinader Corona de mejorar la calidad de vida de nuestros militares activos y en la honrosa condici\u00f3n de retiro\u201d.<\/p>\n<p style=\"text-align: justify;\"><img decoding=\"async\" class=\"aligncenter lazyload\" data-src=\"https:\/\/blogger.googleusercontent.com\/img\/b\/R29vZ2xl\/AVvXsEhRbpgmay3NYl5u0gGEpSrWYCLg4mbjsIcV3bcQ_7XK7DCl8viQmxEZLFYSmtNhYybOPCACfOIHjipUrl2FVcx92J6LYl742KqcP1eUOiCu2DWJlBBA15GZxOHd7IVV4lpsgkph_JnaOwTkgT2Dias61NdXaLUcnPVmZqZW-nl0E7ZyQ6Wt_vALYgpx\/s320\/FB_IMG_1682084119859.jpg\" width=\"435\" height=\"288\" src=\"data:image\/svg+xml;base64,PHN2ZyB3aWR0aD0iMSIgaGVpZ2h0PSIxIiB4bWxucz0iaHR0cDovL3d3dy53My5vcmcvMjAwMC9zdmciPjwvc3ZnPg==\" style=\"--smush-placeholder-width: 435px; --smush-placeholder-aspect-ratio: 435\/288;\" \/><\/p>\n<p style=\"text-align: justify;\">Mientras que el Mayor General Hern\u00e1ndez Olivero agradeci\u00f3 el apoyo brindado por el Teniente General D\u00edaz Morfa y manifest\u00f3 que seguir\u00e1 trabajando sin descanso, para seguir incrementando los beneficios y servicios que reciben los miembros retirados militares durante su gesti\u00f3n.<\/p>\n<p style=\"text-align: justify;\">La Barber\u00eda, que inicia su funcionamiento desde hoy mismo bajo la supervisi\u00f3n del Oficial Ejecutivo de la Junta de Retiro, cuenta con dos estaciones de servicio, con horario de atenci\u00f3n desde las 08:00 a.m. hasta las 03:00 p.m., en un servicio ofrecido sin costo, aliviando la carga econ\u00f3mica de nuestros valiosos retirados.<\/p>\n<p style=\"text-align: justify;\">Fuente: Junta de Retiro FF.AA.<\/p>\n","protected":false},"excerpt":{"rendered":"<p>Por Felix Rubio Con el objetivo de seguir brindando facilidades a los retirados militares de<\/p>\n","protected":false},"author":1,"featured_media":0,"comment_status":"open","ping_status":"open","sticky":false,"template":"","format":"standard","meta":{"footnotes":""},"categories":[7],"tags":[],"class_list":["post-4501","post","type-post","status-publish","format-standard","hentry","category-nacionales"],"_links":{"self":[{"href":"https:\/\/defrentealaverdad.com\/index.php\/wp-json\/wp\/v2\/posts\/4501","targetHints":{"allow":["GET"]}}],"collection":[{"href":"https:\/\/defrentealaverdad.com\/index.php\/wp-json\/wp\/v2\/posts"}],"about":[{"href":"https:\/\/defrentealaverdad.com\/index.php\/wp-json\/wp\/v2\/types\/post"}],"author":[{"embeddable":true,"href":"https:\/\/defrentealaverdad.com\/index.php\/wp-json\/wp\/v2\/users\/1"}],"replies":[{"embeddable":true,"href":"https:\/\/defrentealaverdad.com\/index.php\/wp-json\/wp\/v2\/comments?post=4501"}],"version-history":[{"count":7,"href":"https:\/\/defrentealaverdad.com\/index.php\/wp-json\/wp\/v2\/posts\/4501\/revisions"}],"predecessor-version":[{"id":4508,"href":"https:\/\/defrentealaverdad.com\/index.php\/wp-json\/wp\/v2\/posts\/4501\/revisions\/4508"}],"wp:attachment":[{"href":"https:\/\/defrentealaverdad.com\/index.php\/wp-json\/wp\/v2\/media?parent=4501"}],"wp:term":[{"taxonomy":"category","embeddable":true,"href":"https:\/\/defrentealaverdad.com\/index.php\/wp-json\/wp\/v2\/categories?post=4501"},{"taxonomy":"post_tag","embeddable":true,"href":"https:\/\/defrentealaverdad.com\/index.php\/wp-json\/wp\/v2\/tags?post=4501"}],"curies":[{"name":"wp","href":"https:\/\/api.w.org\/{rel}","templated":true}]}}