{"id":4484,"date":"2023-04-21T16:07:19","date_gmt":"2023-04-21T16:07:19","guid":{"rendered":"https:\/\/defrentealaverdad.com\/?p=4484"},"modified":"2023-04-21T16:07:35","modified_gmt":"2023-04-21T16:07:35","slug":"digev-y-samsic-handling-dominicana-firman-acuerdo-para-facilitar-pasantia-laboral-a-jovenes","status":"publish","type":"post","link":"https:\/\/defrentealaverdad.com\/index.php\/2023\/04\/21\/digev-y-samsic-handling-dominicana-firman-acuerdo-para-facilitar-pasantia-laboral-a-jovenes\/","title":{"rendered":"DIGEV y Samsic Handling Dominicana firman acuerdo para facilitar pasant\u00eda laboral a j\u00f3venes"},"content":{"rendered":"<p style=\"text-align: justify;\">Por Felix Rubio<\/p>\n<p style=\"text-align: justify;\"><img decoding=\"async\" class=\"aligncenter lazyload\" data-src=\"https:\/\/notimundord.com\/wp-content\/uploads\/2023\/04\/llththjyjlnjnj.h-h-620x300.png\" alt=\"Spread the love Por Alejandro Quezada La Conciencia Santo Domingo El Ministerio de Defensa (MIDE), a trav\u00e9s de la Direcci\u00f3n General de las Escuelas Vocacionales de las Fuerzas Armadas y [\u2026]\" src=\"data:image\/svg+xml;base64,PHN2ZyB3aWR0aD0iMSIgaGVpZ2h0PSIxIiB4bWxucz0iaHR0cDovL3d3dy53My5vcmcvMjAwMC9zdmciPjwvc3ZnPg==\" style=\"--smush-placeholder-width: 620px; --smush-placeholder-aspect-ratio: 620\/300;\" \/><\/p>\n<p style=\"text-align: justify;\">Santo Domingo<\/p>\n<p style=\"text-align: justify;\">El Ministerio de Defensa (MIDE), a trav\u00e9s de la Direcci\u00f3n General de las Escuelas Vocacionales de las Fuerzas Armadas y de la Polic\u00eda Nacional (DIGEV) y la empresa Samsic Handlig Dominicana, suscribieron un acuerdo de colaboraci\u00f3n con la finalidad facilitar pasant\u00eda laboral a los j\u00f3venes estudiantes de esa entidad formativa en las \u00e1reas de aviaci\u00f3n civil.<\/p>\n<p style=\"text-align: justify;\">El convenio fue rubricado por el director general de las Escuelas Vocacionales de las Fuerzas Armadas y de la Polic\u00eda Nacional, Mayor General Juan Jos\u00e9 Ota\u00f1o Jim\u00e8nezERD., y el gerente general de la empresa Samcic Handlig Dominicana, Christophe Diblan, en la sede central de la DIGEV en el municipio Santo Domingo Este.<\/p>\n<p style=\"text-align: justify;\">En el acuerdo, ambas instituciones se comprometieron a construir mediante alianza estrat\u00e9gica desarrollar acciones que contribuyan en la formaci\u00f3n t\u00e9cnico vocacional de j\u00f3venes en las \u00e1reas de manejo operacional, servicios de rampa, servicios especiales, manejo de cabina en aeropuertos, entre otras.<\/p>\n<p style=\"text-align: justify;\">Mediante comunicado de prensa, la DIGEV destaca que las referidas especialidades formativas se llevar\u00e1n a cabo a trav\u00e9s de la pasant\u00eda laboral, a las cuales podr\u00e1n acceder los estudiantes de las Escuelas vocacionales de las Fuerzas Armadas y de la Polic\u00eda Nacional.<\/p>\n<p style=\"text-align: justify;\">En tanto que, la empresa Samsic Handling Dominicana se comprometi\u00f3 de manera particular a escoger conjuntamente con la DIGEV a los estudiantes que re\u00fanan las cualidades y actitudes para el programa de formaci\u00f3n profesional en la empresa, as\u00ed como la firma de un contrato de pasant\u00eda laboral acorde lo establece el C\u00f3digo de Trabajo y las leyes dominicanas y el otorgamiento de una dotaci\u00f3n de alimentos, transporte, uniformes y herramientas necesarias para el desempe\u00f1o de sus funciones.<\/p>\n<p style=\"text-align: justify;\">\n<p style=\"text-align: justify;\">Fuente: Prensa MIDE<\/p>\n","protected":false},"excerpt":{"rendered":"<p>Por Felix Rubio Santo Domingo El Ministerio de Defensa (MIDE), a trav\u00e9s de la Direcci\u00f3n<\/p>\n","protected":false},"author":1,"featured_media":0,"comment_status":"open","ping_status":"open","sticky":false,"template":"","format":"standard","meta":{"footnotes":""},"categories":[7],"tags":[],"class_list":["post-4484","post","type-post","status-publish","format-standard","hentry","category-nacionales"],"_links":{"self":[{"href":"https:\/\/defrentealaverdad.com\/index.php\/wp-json\/wp\/v2\/posts\/4484","targetHints":{"allow":["GET"]}}],"collection":[{"href":"https:\/\/defrentealaverdad.com\/index.php\/wp-json\/wp\/v2\/posts"}],"about":[{"href":"https:\/\/defrentealaverdad.com\/index.php\/wp-json\/wp\/v2\/types\/post"}],"author":[{"embeddable":true,"href":"https:\/\/defrentealaverdad.com\/index.php\/wp-json\/wp\/v2\/users\/1"}],"replies":[{"embeddable":true,"href":"https:\/\/defrentealaverdad.com\/index.php\/wp-json\/wp\/v2\/comments?post=4484"}],"version-history":[{"count":2,"href":"https:\/\/defrentealaverdad.com\/index.php\/wp-json\/wp\/v2\/posts\/4484\/revisions"}],"predecessor-version":[{"id":4486,"href":"https:\/\/defrentealaverdad.com\/index.php\/wp-json\/wp\/v2\/posts\/4484\/revisions\/4486"}],"wp:attachment":[{"href":"https:\/\/defrentealaverdad.com\/index.php\/wp-json\/wp\/v2\/media?parent=4484"}],"wp:term":[{"taxonomy":"category","embeddable":true,"href":"https:\/\/defrentealaverdad.com\/index.php\/wp-json\/wp\/v2\/categories?post=4484"},{"taxonomy":"post_tag","embeddable":true,"href":"https:\/\/defrentealaverdad.com\/index.php\/wp-json\/wp\/v2\/tags?post=4484"}],"curies":[{"name":"wp","href":"https:\/\/api.w.org\/{rel}","templated":true}]}}