{"id":4474,"date":"2023-04-21T15:58:09","date_gmt":"2023-04-21T15:58:09","guid":{"rendered":"https:\/\/defrentealaverdad.com\/?p=4474"},"modified":"2023-04-21T15:58:18","modified_gmt":"2023-04-21T15:58:18","slug":"unicef-dice-se-desploma-vacunacion-infatil","status":"publish","type":"post","link":"https:\/\/defrentealaverdad.com\/index.php\/2023\/04\/21\/unicef-dice-se-desploma-vacunacion-infatil\/","title":{"rendered":"UNICEF dice se desploma vacunaci\u00f3n infatil"},"content":{"rendered":"<div class=\"blog-post hentry item-post\">\n<div class=\"post-body post-content\">\n<div id=\"m_textViewLayer\" class=\"layer\">\n<div id=\"m_content\">\n<div id=\"pc1\">\n<div id=\"p1\">\n<div style=\"text-align: justify;\"><img decoding=\"async\" data-src=\"https:\/\/blogger.googleusercontent.com\/img\/b\/R29vZ2xl\/AVvXsEgzbv8_t1yVMrOXYJ_lZwdshfiSGBpElWDKcNvoSZw3XIHI0GbC_USvT-DZG3NWVUcS7r6UPxsr9dpj6eU8krzzncTAIj-woIsbfy-kQiR2-0yRWbVfrOfjSZBEkTlxO-l0H8v3JV7sUVmc907ULAzhE_605Y2ahvu08Fne8bmJeb9EZU1yu3HBuvu1\/s320\/UN0827591.jpg\" src=\"data:image\/svg+xml;base64,PHN2ZyB3aWR0aD0iMSIgaGVpZ2h0PSIxIiB4bWxucz0iaHR0cDovL3d3dy53My5vcmcvMjAwMC9zdmciPjwvc3ZnPg==\" class=\"lazyload\" \/><\/div>\n<div style=\"text-align: justify;\"><b>SANTO DOMINGO, REP\u00daBLICA DOMINICANA, mi\u00e9rcoles 20 de abril de 2023 \u2013<\/b>\u00a0En los\u00a0\u00faltimos 10 a\u00f1os, Am\u00e9rica Latina y el Caribe ha pasado de tener una de las tasas de vacunaci\u00f3n\u00a0infantil m\u00e1s altas del mundo a una de las m\u00e1s bajas, advirti\u00f3 hoy el Fondo de las Naciones Unidas\u00a0para la Infancia (UNICEF) en el marco de la\u00a0<i>Semana Mundial de Vacunaci\u00f3n,\u00a0<\/i>presentando de\u00a0manera oficial su informe\u00a0<i>El Estado Mundial de la Infancia 2023: Para cada infancia, vacunaci\u00f3n,\u00a0<\/i>el cual resalta que 1 de cada 4 ni\u00f1os y ni\u00f1as de la regi\u00f3n no tiene las vacunas que se indican en\u00a0el esquema b\u00e1sico de vacunaci\u00f3n, haciendo retroceder las tasas de cobertura de inmunizaci\u00f3n a\u00a0los niveles de hace casi 30 a\u00f1os.<\/div>\n<div style=\"text-align: justify;\"><\/div>\n<div style=\"text-align: justify;\">\u201cEn Rep\u00fablica Dominicana, se hacen esfuerzos para recuperar los niveles de cobertura existentes\u00a0antes de la pandemia, y as\u00ed alcanzar la meta del 95% de cobertura para todas las vacunas a ra\u00edz\u00a0de las estimaciones de 2021 de la Organizaci\u00f3n Mundial de la Salud (OMS) y UNICEF, que\u00a0arrojaron que el 15% de los ni\u00f1os en el pa\u00eds no contaban con todas las vacunas que corresponden\u00a0seg\u00fan su edad\u201d, dijo la doctora en pediatr\u00eda Rosa Elcarte, representante de UNICEF.<\/div>\n<div style=\"text-align: justify;\"><\/div>\n<div style=\"text-align: justify;\">Elcarte, asegura adem\u00e1s que \u201clas vacunas salvan vidas, son gratuitas, de alta calidad y est\u00e1n\u00a0disponibles en todos los centros de salud p\u00fablica\u201d.<\/div>\n<div style=\"text-align: justify;\"><\/div>\n<div style=\"text-align: justify;\">\u201cPap\u00e1, mam\u00e1, abuelo y abuela aprovechen esta oportunidad, y acudan con su beb\u00e9 o infante al\u00a0centro de salud m\u00e1s cercano para vacunarle con todas las dosis del esquema nacional de\u00a0inmunizaci\u00f3n. Recuerden que con las vacunaciones se pueden evitar m\u00e1s de 14 enfermedades,\u00a0e incluso si su hija tiene entre 9 y 14 a\u00f1os existe la vacuna contra el VPH, que previene el c\u00e1ncer\u00a0c\u00e9rvico uterino, condici\u00f3n que ha ocasionado la muerte de muchas mujeres\u201d, asegur\u00f3 la pediatra.<\/div>\n<div style=\"text-align: justify;\"><\/div>\n<div style=\"text-align: justify;\">En la regi\u00f3n, la cobertura de la tercera dosis de la vacuna contra la difteria, el t\u00e9tanos y la\u00a0tosferina (DTP3) entre los ni\u00f1os y ni\u00f1as menores de un a\u00f1o cay\u00f3 18 puntos porcentuales, del 93\u00a0por ciento en 2012 al 75 por ciento en 2021. Se trata de la tasa de inoculaci\u00f3n de rutina m\u00e1s\u00a0baja de la regi\u00f3n, lo que sit\u00faa a Am\u00e9rica Latina y el Caribe por debajo de la media mundial (81\u00a0por ciento) y justo por delante de \u00c1frica Oriental y Meridional (74 por ciento).<\/div>\n<div style=\"text-align: justify;\"><\/div>\n<div style=\"text-align: justify;\">Las \u00faltimas estimaciones de la OMS y UNICEF revelan que el retroceso de Am\u00e9rica Latina y el\u00a0Caribe en materia de inmunizaci\u00f3n ha dejado a 2,4 millones de ni\u00f1os y ni\u00f1as \u2013uno de cada cuatro\u00a0menores de un a\u00f1o\u2013 desprotegidos frente a enfermedades prevenibles mediante vacunaci\u00f3n. M\u00e1s\u00a0de 1,7 millones son \u201ccero dosis\u201d, lo que significa que nunca han recibido una vacuna. Los ni\u00f1os\u00a0y ni\u00f1as de los hogares m\u00e1s vulnerables tienen casi tres veces m\u00e1s probabilidades de ser \u201ccero\u00a0dosis\u201d que aquellos de los hogares con mejores ingresos econ\u00f3micos, seg\u00fan revela un nuevo\u00a0an\u00e1lisis del informe.<\/div>\n<div style=\"text-align: justify;\"><\/div>\n<div style=\"text-align: justify;\">Conille, enfatiz\u00f3 en que \u201cenfermedades como la difteria, el sarampi\u00f3n y la poliomielitis, que antes\u00a0se cre\u00edan erradicadas en muchos pa\u00edses, est\u00e1n reapareciendo en toda la regi\u00f3n, poniendo en\u00a0peligro las vidas de los ni\u00f1os y ni\u00f1as m\u00e1s vulnerables y el bienestar de todos\u201d.<\/div>\n<\/div>\n<\/div>\n<div id=\"pc2\">\n<div class=\"pageNumV2\" style=\"text-align: justify;\"><\/div>\n<div id=\"p2\">\n<div style=\"text-align: justify;\">Los archivos hist\u00f3ricos puntualizan que hace una d\u00e9cada, Am\u00e9rica Latina\u00a0y el Caribe dej\u00f3 claro que pod\u00eda proteger a la infancia de enfermedades potencialmente mortales.<\/div>\n<div style=\"text-align: justify;\"><\/div>\n<div style=\"text-align: justify;\">\u201cNo hay ninguna raz\u00f3n por la que no podamos volver a hacerlo ahora, con m\u00e1s conocimientos,\u00a0capacidad y recursos. La vacunaci\u00f3n es una de las intervenciones de salud p\u00fablica m\u00e1s sencillas\u00a0y rentables. Podemos prevenir las enfermedades infantiles ahora o asumir los costos m\u00e1s tarde\u201d,\u00a0afirm\u00f3 Conille.<\/div>\n<div style=\"text-align: justify;\"><\/div>\n<div style=\"text-align: justify;\">Para recuperarse del retroceso y reducir el n\u00famero de ni\u00f1os y ni\u00f1as cero dosis en Am\u00e9rica Latina\u00a0y el Caribe, UNICEF hace un llamamiento a los gobiernos y aliados para que:<\/div>\n<div style=\"text-align: justify;\"><\/div>\n<ul>\n<li style=\"text-align: justify;\">\n<div>\u00b7 Identifiquen y vacunen urgentemente a todos los ni\u00f1os y ni\u00f1as, especialmente a los de\u00a0los hogares m\u00e1s pobres y a los ni\u00f1os y ni\u00f1as ind\u00edgenas y afrodescendientes que no han\u00a0sido vacunados.<\/div>\n<\/li>\n<li style=\"text-align: justify;\">\n<div>\u00b7 Dar prioridad a la financiaci\u00f3n de los servicios de vacunaci\u00f3n y atenci\u00f3n primaria de salud.<\/div>\n<\/li>\n<li style=\"text-align: justify;\">\n<div>\u00b7 Construir sistemas de salud m\u00e1s resilientes mediante la inversi\u00f3n en personal de salud,\u00a0la innovaci\u00f3n y la producci\u00f3n de suministros de vacunas en la regi\u00f3n.<\/div>\n<\/li>\n<li>\n<div style=\"text-align: justify;\">\u00b7 Reforzar la demanda de vacunas, fomentando la confianza, entre otras estrategias.<\/div>\n<\/li>\n<\/ul>\n<\/div>\n<\/div>\n<\/div>\n<\/div>\n<\/div>\n<\/div>\n<div class=\"blog-post-comments comments-system-blogger\">\n<div class=\"title-wrap comments-title\"><\/div>\n<section id=\"comments\" class=\"comments embed\" data-num-comments=\"0\">\n<div class=\"footer\">\n<p>Fuente: Actualidad con FJ<\/p>\n<\/div>\n<\/section>\n<\/div>\n","protected":false},"excerpt":{"rendered":"<p>SANTO DOMINGO, REP\u00daBLICA DOMINICANA, mi\u00e9rcoles 20 de abril de 2023 \u2013\u00a0En los\u00a0\u00faltimos 10 a\u00f1os, Am\u00e9rica<\/p>\n","protected":false},"author":1,"featured_media":0,"comment_status":"open","ping_status":"open","sticky":false,"template":"","format":"standard","meta":{"footnotes":""},"categories":[7,221],"tags":[],"class_list":["post-4474","post","type-post","status-publish","format-standard","hentry","category-nacionales","category-salud"],"_links":{"self":[{"href":"https:\/\/defrentealaverdad.com\/index.php\/wp-json\/wp\/v2\/posts\/4474","targetHints":{"allow":["GET"]}}],"collection":[{"href":"https:\/\/defrentealaverdad.com\/index.php\/wp-json\/wp\/v2\/posts"}],"about":[{"href":"https:\/\/defrentealaverdad.com\/index.php\/wp-json\/wp\/v2\/types\/post"}],"author":[{"embeddable":true,"href":"https:\/\/defrentealaverdad.com\/index.php\/wp-json\/wp\/v2\/users\/1"}],"replies":[{"embeddable":true,"href":"https:\/\/defrentealaverdad.com\/index.php\/wp-json\/wp\/v2\/comments?post=4474"}],"version-history":[{"count":1,"href":"https:\/\/defrentealaverdad.com\/index.php\/wp-json\/wp\/v2\/posts\/4474\/revisions"}],"predecessor-version":[{"id":4475,"href":"https:\/\/defrentealaverdad.com\/index.php\/wp-json\/wp\/v2\/posts\/4474\/revisions\/4475"}],"wp:attachment":[{"href":"https:\/\/defrentealaverdad.com\/index.php\/wp-json\/wp\/v2\/media?parent=4474"}],"wp:term":[{"taxonomy":"category","embeddable":true,"href":"https:\/\/defrentealaverdad.com\/index.php\/wp-json\/wp\/v2\/categories?post=4474"},{"taxonomy":"post_tag","embeddable":true,"href":"https:\/\/defrentealaverdad.com\/index.php\/wp-json\/wp\/v2\/tags?post=4474"}],"curies":[{"name":"wp","href":"https:\/\/api.w.org\/{rel}","templated":true}]}}