{"id":4466,"date":"2023-04-21T15:53:29","date_gmt":"2023-04-21T15:53:29","guid":{"rendered":"https:\/\/defrentealaverdad.com\/?p=4466"},"modified":"2023-04-21T15:53:53","modified_gmt":"2023-04-21T15:53:53","slug":"concluye-con-exito-seminario-sobre-los-seguros-de-proteccion-e-indemnizacion-y-sus-impacto-en-la-actividad-naviera","status":"publish","type":"post","link":"https:\/\/defrentealaverdad.com\/index.php\/2023\/04\/21\/concluye-con-exito-seminario-sobre-los-seguros-de-proteccion-e-indemnizacion-y-sus-impacto-en-la-actividad-naviera\/","title":{"rendered":"Concluye con \u00e9xito Seminario \u00bb Sobre Los Seguros de Protecci\u00f3n e Indemnizaci\u00f3n y sus impacto en la actividad Naviera\u00bb"},"content":{"rendered":"<div>\n<div class=\"separator\" style=\"text-align: justify;\"><\/div>\n<\/div>\n<div style=\"text-align: justify;\">Por Felix Rubio<\/div>\n<div style=\"text-align: justify;\"><\/div>\n<div style=\"text-align: justify;\">\n<div><a href=\"https:\/\/blogger.googleusercontent.com\/img\/b\/R29vZ2xl\/AVvXsEglDjXYwYbCLzk3FwGbk8vvOY37CySyYqSfaOCbB-XZnX1IDVUILm_fe9_PmSlY_V7sDtHL3vpnDYJdtEcoIG2E1O8Q39Anr0-2slu02AyZoMIvz1b7Ailjb8U3JUvx3_99upTYIjw6Mi0hdlqA_-MGJMBHIxwPFBqkpGisrfttkjNkir0Y_S2UtuHJ\/s1024\/IMG-20230420-WA0134.jpg\"><img decoding=\"async\" data-src=\"https:\/\/blogger.googleusercontent.com\/img\/b\/R29vZ2xl\/AVvXsEglDjXYwYbCLzk3FwGbk8vvOY37CySyYqSfaOCbB-XZnX1IDVUILm_fe9_PmSlY_V7sDtHL3vpnDYJdtEcoIG2E1O8Q39Anr0-2slu02AyZoMIvz1b7Ailjb8U3JUvx3_99upTYIjw6Mi0hdlqA_-MGJMBHIxwPFBqkpGisrfttkjNkir0Y_S2UtuHJ\/w400-h285\/IMG-20230420-WA0134.jpg\" width=\"400\" height=\"285\" border=\"0\" data-original-height=\"731\" data-original-width=\"1024\" src=\"data:image\/svg+xml;base64,PHN2ZyB3aWR0aD0iMSIgaGVpZ2h0PSIxIiB4bWxucz0iaHR0cDovL3d3dy53My5vcmcvMjAwMC9zdmciPjwvc3ZnPg==\" class=\"lazyload\" style=\"--smush-placeholder-width: 400px; --smush-placeholder-aspect-ratio: 400\/285;\" \/><\/a><\/div>\n<div><\/div>\n<div>En el d\u00eda de hoy fue celebrado el Seminario sobre Seguros de Protecci\u00f3n e Indemnizaci\u00f3n y su importancia para la industria naviera, organizado por la Armada de la Rep\u00fablica Dominicana, en su condici\u00f3n de Autoridad Mar\u00edtima Nacional, bajo el auspicio de la sociedad noruega Gard y la Fundaci\u00f3n Ram\u00f3n E. Mella (Don Tito), Inc., como parte de sus respectivos programas de responsabilidad social.<\/div>\n<div><\/div>\n<div><\/div>\n<div>\n<div class=\"separator\"><a href=\"https:\/\/blogger.googleusercontent.com\/img\/b\/R29vZ2xl\/AVvXsEhIglLVDotarYSZAEetOBWopahLMxWf6TE8arIs4r7N_Z6z-GCWC0F5xin3rH5MvoySJbTyafmUQBWP1QKZ7VrYX265W2aDa_RgJS28oFIjAA98XdYXsAZ1GN-q7_2oRt1U1PgnmnCRNntyNm0KijKk8DYrpScLudo5WEoFtpdKAO1pAUjw6KSXYoIz\/s1024\/IMG-20230420-WA0139.jpg\"><img decoding=\"async\" data-src=\"https:\/\/blogger.googleusercontent.com\/img\/b\/R29vZ2xl\/AVvXsEhIglLVDotarYSZAEetOBWopahLMxWf6TE8arIs4r7N_Z6z-GCWC0F5xin3rH5MvoySJbTyafmUQBWP1QKZ7VrYX265W2aDa_RgJS28oFIjAA98XdYXsAZ1GN-q7_2oRt1U1PgnmnCRNntyNm0KijKk8DYrpScLudo5WEoFtpdKAO1pAUjw6KSXYoIz\/s320\/IMG-20230420-WA0139.jpg\" width=\"320\" height=\"213\" border=\"0\" data-original-height=\"683\" data-original-width=\"1024\" src=\"data:image\/svg+xml;base64,PHN2ZyB3aWR0aD0iMSIgaGVpZ2h0PSIxIiB4bWxucz0iaHR0cDovL3d3dy53My5vcmcvMjAwMC9zdmciPjwvc3ZnPg==\" class=\"lazyload\" style=\"--smush-placeholder-width: 320px; --smush-placeholder-aspect-ratio: 320\/213;\" \/><\/a><\/div>\n<\/div>\n<div><\/div>\n<div>La actividad fue encabezada por el Vicealmirante Francisco Antonio Sosa Castillo, Comandante General de la Armada de la Rep\u00fablica Dominicana, junto al Comando Mayor de la Instituci\u00f3n y el se\u00f1or Vinicio Mella, Presidente de la Fundaci\u00f3n Tito Mella. Asimismo, hicieron acto de presencia representantes de entidades p\u00fablicas y privadas vinculadas al sector mar\u00edtimo y portuario de la Rep\u00fablica Dominicana.<\/div>\n<div><\/div>\n<div>\n<div class=\"separator\"><a href=\"https:\/\/blogger.googleusercontent.com\/img\/b\/R29vZ2xl\/AVvXsEgepvYsVwHRdUwJ59FqaigDWAyOgB2umxWLKWl4pPIt0efJWY09lByE_rh3BJSiNPgnpV1Z_egCwvbiX5Hm37MDpFQERWJfe-65Oo9OPU0thM8QJenrBSjA7lpWHq8ueBwCA0lZVIexYqe9VwibgI1eLgf1OHmrtzoXN3XYQsO-NWmE-qyqi8QpTQND\/s1024\/IMG-20230420-WA0137.jpg\"><img decoding=\"async\" data-src=\"https:\/\/blogger.googleusercontent.com\/img\/b\/R29vZ2xl\/AVvXsEgepvYsVwHRdUwJ59FqaigDWAyOgB2umxWLKWl4pPIt0efJWY09lByE_rh3BJSiNPgnpV1Z_egCwvbiX5Hm37MDpFQERWJfe-65Oo9OPU0thM8QJenrBSjA7lpWHq8ueBwCA0lZVIexYqe9VwibgI1eLgf1OHmrtzoXN3XYQsO-NWmE-qyqi8QpTQND\/s320\/IMG-20230420-WA0137.jpg\" width=\"320\" height=\"228\" border=\"0\" data-original-height=\"731\" data-original-width=\"1024\" src=\"data:image\/svg+xml;base64,PHN2ZyB3aWR0aD0iMSIgaGVpZ2h0PSIxIiB4bWxucz0iaHR0cDovL3d3dy53My5vcmcvMjAwMC9zdmciPjwvc3ZnPg==\" class=\"lazyload\" style=\"--smush-placeholder-width: 320px; --smush-placeholder-aspect-ratio: 320\/228;\" \/><\/a><\/div>\n<\/div>\n<div>Uno de los objetivos principales de la Fundaci\u00f3n Ram\u00f3n E. Mella (Don Tito) es promover la capacitaci\u00f3n en asuntos mar\u00edtimos y portuarios para el desarrollo de la naci\u00f3n, por lo tanto, ha auspiciado este seminario para dar a conocer los seguros de protecci\u00f3n e indemnizaci\u00f3n, que, por primera vez se regulan en la ley de comercio mar\u00edtimo nacional, recientemente promulgada. Dicha ley dispone que todo buque que visite nuestras aguas debe tener un seguro de protecci\u00f3n e indemnizaci\u00f3n, con el fin de salvaguardar la seguridad de la navegaci\u00f3n en nuestras aguas jurisdiccionales y la protecci\u00f3n del medio ambiente.<\/div>\n<div><\/div>\n<div><\/div>\n<div>\n<div class=\"separator\"><a href=\"https:\/\/blogger.googleusercontent.com\/img\/b\/R29vZ2xl\/AVvXsEifWTZLUYbmsxghG3qQ1BY3zLHv7WQQH3UTAP9QxrNCggxMl0vnNL-KSNcgh6DRJ-TkIqMqPZ5cGgx1FhFoYGL0BFBtV_8WX9GzoqJuULQTDt1UY1LdSzol0o04iWqyHn4EXk4EVlJ8I0UyzkQNSJoU6mt82E_kYHoAHteV3O58qjWIl_2_STutKLwp\/s1024\/IMG-20230420-WA0140.jpg\"><img decoding=\"async\" data-src=\"https:\/\/blogger.googleusercontent.com\/img\/b\/R29vZ2xl\/AVvXsEifWTZLUYbmsxghG3qQ1BY3zLHv7WQQH3UTAP9QxrNCggxMl0vnNL-KSNcgh6DRJ-TkIqMqPZ5cGgx1FhFoYGL0BFBtV_8WX9GzoqJuULQTDt1UY1LdSzol0o04iWqyHn4EXk4EVlJ8I0UyzkQNSJoU6mt82E_kYHoAHteV3O58qjWIl_2_STutKLwp\/s320\/IMG-20230420-WA0140.jpg\" width=\"320\" height=\"228\" border=\"0\" data-original-height=\"731\" data-original-width=\"1024\" src=\"data:image\/svg+xml;base64,PHN2ZyB3aWR0aD0iMSIgaGVpZ2h0PSIxIiB4bWxucz0iaHR0cDovL3d3dy53My5vcmcvMjAwMC9zdmciPjwvc3ZnPg==\" class=\"lazyload\" style=\"--smush-placeholder-width: 320px; --smush-placeholder-aspect-ratio: 320\/228;\" \/><\/a><\/div>\n<\/div>\n<div>Este tipo de seminario hasta el momento solo ha sido realizado en Am\u00e9rica Latina, en los pa\u00edses de M\u00e9xico y Brasil, siendo la Rep\u00fablica Dominicana el tercer pa\u00eds en el cual es llevado a cabo.<\/div>\n<div><\/div>\n<div>\n<div class=\"separator\"><a href=\"https:\/\/blogger.googleusercontent.com\/img\/b\/R29vZ2xl\/AVvXsEjuuXCtX5PhQ-rsrAEIb1m5SF0Nq-ymKhiNIaxxILVK_rn3kSMsg5HajSDQ2yPfxXrjDKlosB2YJGjeGOTxm-cq1EQl8w8RuRCizC82bmNQ62Wyk7eiswQGGvcgm0SSZ_UNC7eE0QHxVzfDsbLjOshyYup31qaqyhEtx1t4wLy5RMGy86vKFVW_PZ3X\/s1024\/IMG-20230420-WA0143.jpg\"><img decoding=\"async\" data-src=\"https:\/\/blogger.googleusercontent.com\/img\/b\/R29vZ2xl\/AVvXsEjuuXCtX5PhQ-rsrAEIb1m5SF0Nq-ymKhiNIaxxILVK_rn3kSMsg5HajSDQ2yPfxXrjDKlosB2YJGjeGOTxm-cq1EQl8w8RuRCizC82bmNQ62Wyk7eiswQGGvcgm0SSZ_UNC7eE0QHxVzfDsbLjOshyYup31qaqyhEtx1t4wLy5RMGy86vKFVW_PZ3X\/s320\/IMG-20230420-WA0143.jpg\" width=\"320\" height=\"213\" border=\"0\" data-original-height=\"683\" data-original-width=\"1024\" src=\"data:image\/svg+xml;base64,PHN2ZyB3aWR0aD0iMSIgaGVpZ2h0PSIxIiB4bWxucz0iaHR0cDovL3d3dy53My5vcmcvMjAwMC9zdmciPjwvc3ZnPg==\" class=\"lazyload\" style=\"--smush-placeholder-width: 320px; --smush-placeholder-aspect-ratio: 320\/213;\" \/><\/a><\/div>\n<p>Bajo la ponencia de Claudia Botero y Frank J. Gonynor, dos representantes del Gard, P&amp;I Club con sede en Noruega y uno de los clubes de protecci\u00f3n e indemnizaci\u00f3n m\u00e1s connotados a nivel mundial, las autoridades y comunidad mar\u00edtima nacional pudieron evidenciar la importancia de los seguros de protecci\u00f3n e indemnizaci\u00f3n y su impacto para el comercio mar\u00edtimo y la industria naviera y portuaria nacional, ya que cualquier incidente, tales como choques a las infraestructuras portuarias, derrames de combustible en los puertos, accidentes que involucren al buque y a sus tripulantes, casos de polizones, da\u00f1os a la carga, entre otros asuntos relacionados, son manejados por los llamados clubes de protecci\u00f3n e indemnizaci\u00f3n (P&amp;I Clubs).<\/p>\n<\/div>\n<div>\n<div class=\"separator\"><a href=\"https:\/\/blogger.googleusercontent.com\/img\/b\/R29vZ2xl\/AVvXsEgWFisLpWrVIMLKHO9n5lJbpUC3B2lnbTghQmb6hJG_0-d1gqiNFu1zdQUcsgrFZdhE_LWH6afS1v6kzwmkOBSQaiqrjYGgF-PN8IvpjophyDhT2424ghar0iBIBe9ZWxcq4NwepSPtCYRQiiNALHLyr42t3YbbRYxyQjFg4iuzp6CEwr9LTuLVJScF\/s1024\/IMG-20230420-WA0134.jpg\"><img decoding=\"async\" data-src=\"https:\/\/blogger.googleusercontent.com\/img\/b\/R29vZ2xl\/AVvXsEgWFisLpWrVIMLKHO9n5lJbpUC3B2lnbTghQmb6hJG_0-d1gqiNFu1zdQUcsgrFZdhE_LWH6afS1v6kzwmkOBSQaiqrjYGgF-PN8IvpjophyDhT2424ghar0iBIBe9ZWxcq4NwepSPtCYRQiiNALHLyr42t3YbbRYxyQjFg4iuzp6CEwr9LTuLVJScF\/s320\/IMG-20230420-WA0134.jpg\" width=\"320\" height=\"228\" border=\"0\" data-original-height=\"731\" data-original-width=\"1024\" src=\"data:image\/svg+xml;base64,PHN2ZyB3aWR0aD0iMSIgaGVpZ2h0PSIxIiB4bWxucz0iaHR0cDovL3d3dy53My5vcmcvMjAwMC9zdmciPjwvc3ZnPg==\" class=\"lazyload\" style=\"--smush-placeholder-width: 320px; --smush-placeholder-aspect-ratio: 320\/228;\" \/><\/a><\/div>\n<\/div>\n<div>En el desarrollo del evento, la Fundaci\u00f3n Tito Mella entreg\u00f3 un reconocimiento al m\u00e9rito al Vicealmirante Francisco Antonio Sosa Castillo, Comandante General de la Armada de la Rep\u00fablica Dominicana (ARD) y al Capit\u00e1n de Nav\u00edo Plinio A. Ram\u00edrez, Director del Comando Naval de Capitan\u00edas de Puertos y Autoridad Mar\u00edtima, por su colaboraci\u00f3n en la promoci\u00f3n de eventos de capacitaci\u00f3n y formaci\u00f3n de los que intervienen en el sector Mar\u00edtimo y portuario. De igual manera, se entreg\u00f3 un reconocimiento al m\u00e9rito al Gard, como distinci\u00f3n y apreciaci\u00f3n por su contribuci\u00f3n y compromiso con la industria mar\u00edtima global a trav\u00e9s de la implementaci\u00f3n de su programa de formaci\u00f3n en seguros mar\u00edtimos.<\/div>\n<\/div>\n<div style=\"text-align: justify;\"><\/div>\n<div style=\"text-align: justify;\"><\/div>\n<div style=\"text-align: justify;\">Fuente: Armada de la Rep\u00fablica Dominicana<\/div>\n","protected":false},"excerpt":{"rendered":"<p>Por Felix Rubio En el d\u00eda de hoy fue celebrado el Seminario sobre Seguros de<\/p>\n","protected":false},"author":1,"featured_media":0,"comment_status":"open","ping_status":"open","sticky":false,"template":"","format":"standard","meta":{"footnotes":""},"categories":[7],"tags":[],"class_list":["post-4466","post","type-post","status-publish","format-standard","hentry","category-nacionales"],"_links":{"self":[{"href":"https:\/\/defrentealaverdad.com\/index.php\/wp-json\/wp\/v2\/posts\/4466","targetHints":{"allow":["GET"]}}],"collection":[{"href":"https:\/\/defrentealaverdad.com\/index.php\/wp-json\/wp\/v2\/posts"}],"about":[{"href":"https:\/\/defrentealaverdad.com\/index.php\/wp-json\/wp\/v2\/types\/post"}],"author":[{"embeddable":true,"href":"https:\/\/defrentealaverdad.com\/index.php\/wp-json\/wp\/v2\/users\/1"}],"replies":[{"embeddable":true,"href":"https:\/\/defrentealaverdad.com\/index.php\/wp-json\/wp\/v2\/comments?post=4466"}],"version-history":[{"count":2,"href":"https:\/\/defrentealaverdad.com\/index.php\/wp-json\/wp\/v2\/posts\/4466\/revisions"}],"predecessor-version":[{"id":4468,"href":"https:\/\/defrentealaverdad.com\/index.php\/wp-json\/wp\/v2\/posts\/4466\/revisions\/4468"}],"wp:attachment":[{"href":"https:\/\/defrentealaverdad.com\/index.php\/wp-json\/wp\/v2\/media?parent=4466"}],"wp:term":[{"taxonomy":"category","embeddable":true,"href":"https:\/\/defrentealaverdad.com\/index.php\/wp-json\/wp\/v2\/categories?post=4466"},{"taxonomy":"post_tag","embeddable":true,"href":"https:\/\/defrentealaverdad.com\/index.php\/wp-json\/wp\/v2\/tags?post=4466"}],"curies":[{"name":"wp","href":"https:\/\/api.w.org\/{rel}","templated":true}]}}