{"id":4434,"date":"2023-04-19T15:47:09","date_gmt":"2023-04-19T15:47:09","guid":{"rendered":"https:\/\/defrentealaverdad.com\/?p=4434"},"modified":"2023-04-19T15:47:09","modified_gmt":"2023-04-19T15:47:09","slug":"ivan-gaton-impartira-conferencia-sobre-geopolitica-global-en-la-universidad-de-chihuahua","status":"publish","type":"post","link":"https:\/\/defrentealaverdad.com\/index.php\/2023\/04\/19\/ivan-gaton-impartira-conferencia-sobre-geopolitica-global-en-la-universidad-de-chihuahua\/","title":{"rendered":"Iv\u00e1n Gat\u00f3n impartir\u00e1 conferencia sobre geopol\u00edtica global en la Universidad de Chihuahua"},"content":{"rendered":"<p style=\"text-align: justify;\"><span lang=\"ES-MX\"><img decoding=\"async\" data-src=\"https:\/\/nuevodiario-assets.s3.us-east-2.amazonaws.com\/wp-content\/uploads\/2023\/04\/18173838\/Ivan-2.jpg\" src=\"data:image\/svg+xml;base64,PHN2ZyB3aWR0aD0iMSIgaGVpZ2h0PSIxIiB4bWxucz0iaHR0cDovL3d3dy53My5vcmcvMjAwMC9zdmciPjwvc3ZnPg==\" class=\"lazyload\" \/><\/span><\/p>\n<p style=\"text-align: justify;\"><span lang=\"ES-MX\">El profesor Iv\u00e1n Ernesto Gat\u00f3n, experto en temas internacionales, impartir\u00e1 una conferencia sobre temas de geopol\u00edtica global en la Facultad de Ciencias Pol\u00edticas y Sociales de la Universidad Aut\u00f3noma de Chihuahua en M\u00e9xico, el pr\u00f3ximo mi\u00e9rcoles 26 de abril.<u><\/u>\u00a0<u><\/u><\/span><\/p>\n<p style=\"text-align: justify;\">La ponencia de Gat\u00f3n formar\u00e1 parte de la d\u00e9cimo cuarta Semana Acad\u00e9mica \u201cGlobalidad, Comunicaci\u00f3n, Geopol\u00edtica y Retos de los Gobiernos en Am\u00e9rica\u201d, organizada por dicha universidad y en la que se reunir\u00e1n acad\u00e9micos, investigadores y especialistas en temas relacionados con la comunicaci\u00f3n, la administraci\u00f3n p\u00fablica y las relaciones internacionales.<u><\/u>\u00a0<u><\/u><\/p>\n<div class=\"banner-contenido\" style=\"text-align: justify;\">\n<div id=\"div-gpt-ad-1565283910678-0\" data-google-query-id=\"CJKo4Jiltv4CFbEKZQodaSwBAQ\">\n<div id=\"google_ads_iframe_\/173239197\/Banner_Noticia_Contenido_300x250_0__container__\">Mediante ponencias, los expertos participantes analizar\u00e1n, discutir\u00e1n y expondr\u00e1n sus puntos de vista sobre la realidad actual y los retos que enfrenta M\u00e9xico, el resto de Am\u00e9rica Latina y el mundo en general, en aspectos como los fen\u00f3menos de la comunicaci\u00f3n que se presentan a trav\u00e9s de las redes sociales y los interesantes procesos mediante los cuales se transmite la informaci\u00f3n y la interacci\u00f3n entre los individuos a nivel global.<u><\/u><\/div>\n<\/div>\n<\/div>\n<p style=\"text-align: justify;\">\n<p style=\"text-align: justify;\">Igualmente tocar\u00e1n los temas referentes a los procesos de cambio en la gobernanza regional y mundial, as\u00ed como las pugnas entre los distintos esquemas de gobierno que se observan actualmente en el mundo.<u><\/u>\u00a0<u><\/u><\/p>\n<p style=\"text-align: justify;\">Por \u00faltimo, se abordar\u00e1n t\u00f3picos enfocados en los sucesos geopol\u00edticos que se viven en las distintas regiones del mundo, no solo el conflicto entre Rusia y Ucrania, sino tambi\u00e9n las tensiones recientes entre China y Taiw\u00e1n, en Medio Oriente y las repercusiones que estos eventos est\u00e1n teniendo en lo econ\u00f3mico, en lo pol\u00edtico y lo militar a nivel global.<u><\/u><u><\/u><u><\/u>\u00a0<u><\/u><\/p>\n<p style=\"text-align: justify;\"><b><span lang=\"ES-MX\">El evento<\/span><\/b><b><u><\/u>\u00a0<u><\/u><\/b><\/p>\n<p style=\"text-align: justify;\">La ceremonia inaugural de este evento acad\u00e9mico se realizar\u00e1 el pr\u00f3ximo martes, precisamente en el Sal\u00f3n 25 de Marzo de Palacio de Gobierno del Estado de Chihuahua, en M\u00e9xico, con la participaci\u00f3n de la gobernadora del Estado de Chihuahua, la maestra Mar\u00eda Eugenia Campos Galv\u00e1n; el alcalde del municipio de Chihuahua,\u00a0 licenciado Marco Bonilla Mendoza e igualmente los representantes del Congreso y del Poder Judicial del mismo Estado.<u><\/u>\u00a0<u><\/u><\/p>\n<p style=\"text-align: justify;\">Asimismo, presidir\u00e1n el evento tanto el rector de la Universidad Aut\u00f3noma de Chihuahua, maestro Luis Rivera Campos, as\u00ed como tambi\u00e9n el director de la Facultad de Ciencias Pol\u00edticas y Sociales, maestro Mario Alberto Duarte Bustillos.<\/p>\n<p>&nbsp;<\/p>\n<p>Fuente: El Nuevo Diario<\/p>\n","protected":false},"excerpt":{"rendered":"<p>El profesor Iv\u00e1n Ernesto Gat\u00f3n, experto en temas internacionales, impartir\u00e1 una conferencia sobre temas de<\/p>\n","protected":false},"author":1,"featured_media":0,"comment_status":"open","ping_status":"open","sticky":false,"template":"","format":"standard","meta":{"footnotes":""},"categories":[16,7],"tags":[],"class_list":["post-4434","post","type-post","status-publish","format-standard","hentry","category-internacionales","category-nacionales"],"_links":{"self":[{"href":"https:\/\/defrentealaverdad.com\/index.php\/wp-json\/wp\/v2\/posts\/4434","targetHints":{"allow":["GET"]}}],"collection":[{"href":"https:\/\/defrentealaverdad.com\/index.php\/wp-json\/wp\/v2\/posts"}],"about":[{"href":"https:\/\/defrentealaverdad.com\/index.php\/wp-json\/wp\/v2\/types\/post"}],"author":[{"embeddable":true,"href":"https:\/\/defrentealaverdad.com\/index.php\/wp-json\/wp\/v2\/users\/1"}],"replies":[{"embeddable":true,"href":"https:\/\/defrentealaverdad.com\/index.php\/wp-json\/wp\/v2\/comments?post=4434"}],"version-history":[{"count":1,"href":"https:\/\/defrentealaverdad.com\/index.php\/wp-json\/wp\/v2\/posts\/4434\/revisions"}],"predecessor-version":[{"id":4435,"href":"https:\/\/defrentealaverdad.com\/index.php\/wp-json\/wp\/v2\/posts\/4434\/revisions\/4435"}],"wp:attachment":[{"href":"https:\/\/defrentealaverdad.com\/index.php\/wp-json\/wp\/v2\/media?parent=4434"}],"wp:term":[{"taxonomy":"category","embeddable":true,"href":"https:\/\/defrentealaverdad.com\/index.php\/wp-json\/wp\/v2\/categories?post=4434"},{"taxonomy":"post_tag","embeddable":true,"href":"https:\/\/defrentealaverdad.com\/index.php\/wp-json\/wp\/v2\/tags?post=4434"}],"curies":[{"name":"wp","href":"https:\/\/api.w.org\/{rel}","templated":true}]}}