{"id":44140,"date":"2025-05-04T12:56:17","date_gmt":"2025-05-04T12:56:17","guid":{"rendered":"https:\/\/defrentealaverdad.com\/?p=44140"},"modified":"2025-05-06T13:00:55","modified_gmt":"2025-05-06T13:00:55","slug":"joseph-y-yeyo-lanzan-sin-ti-un-canto-de-entrega-total-a-dios","status":"publish","type":"post","link":"https:\/\/defrentealaverdad.com\/index.php\/2025\/05\/04\/joseph-y-yeyo-lanzan-sin-ti-un-canto-de-entrega-total-a-dios\/","title":{"rendered":"Joseph y YEYO lanzan &#8216;Sin Ti&#8217;, un canto de entrega total a Dios"},"content":{"rendered":"<p style=\"text-align: justify;\"><em>Orlando Fl. EE.UU \u2013 <\/em>\u00a0\u2014 El cantante hondure\u00f1o\u00a0<strong>Joseph Mej\u00eda<\/strong>, en colaboraci\u00f3n con el tambi\u00e9n artista y filmmaker\u00a0<strong>YEYO<\/strong>, presentan su m\u00e1s reciente sencillo titulado\u00a0<strong>\u201cSin Ti\u201d<\/strong>, una canci\u00f3n de m\u00fasica urbana cristiana que nace de una profunda experiencia espiritual y busca transmitir una verdad contundente: lejos de Dios no hay prop\u00f3sito ni plenitud.<\/p>\n<p style=\"text-align: justify;\">La inspiraci\u00f3n para esta canci\u00f3n surgi\u00f3 en un momento de introspecci\u00f3n, donde ambos artistas reconocieron que todo lo que han logrado ha sido por la gracia y misericordia de Dios.<\/p>\n<blockquote>\n<p style=\"text-align: justify;\">\u201cEsta canci\u00f3n es un reflejo de nuestro caminar con Dios. Nos dimos cuenta de que sin \u00c9l nada tendr\u00eda sentido, y quisimos plasmar eso en una producci\u00f3n que conecte con esta generaci\u00f3n\u201d, expresa Joseph.<\/p>\n<\/blockquote>\n<p style=\"text-align: justify;\">Musicalmente, \u201cSin Ti\u201d fusiona el reggaeton moderno con una atm\u00f3sfera emocional y espiritual. La producci\u00f3n estuvo a cargo de <strong>Toneseldelaquimica<\/strong>, junto a\u00a0<strong>Sky Muzk<\/strong>, logrando una mezcla vibrante que transmite tanto gozo como reflexi\u00f3n.<\/p>\n<p>El videoclip oficial, dirigido por YEYO, ya est\u00e1 disponible en YouTube y ofrece una est\u00e9tica cuidada y cargada de simbolismo visual, reflejando el mensaje del tema con autenticidad y profesionalismo.<\/p>\n<p>\u201cSin Ti\u201d ya se encuentra disponible en todas las plataformas digitales, incluyendo Spotify, Apple Music y YouTube.<\/p>\n<div style=\"text-align: justify;\" align=\"center\">\n<hr align=\"center\" size=\"3\" width=\"100%\" \/>\n<\/div>\n<p style=\"text-align: justify;\"><strong>Enlaces oficiales: <\/strong>\u00a0[Spotify \/ Apple Music \/ YouTube] \/ @josephmejiahn \/ @yeyo<br \/>\nFacebook: @Josephoficialf \/ Instagram:\u00a0@josepmejiahn<br \/>\nFacebook: @yeyo \/Instagram:\u00a0@yeyoup21<\/p>\n<p>Fuente: PR \u2013 Nissi Medios (Gladys Alvarez)<\/p>\n","protected":false},"excerpt":{"rendered":"<p>Orlando Fl. EE.UU \u2013 \u00a0\u2014 El cantante hondure\u00f1o\u00a0Joseph Mej\u00eda, en colaboraci\u00f3n con el tambi\u00e9n artista<\/p>\n","protected":false},"author":4,"featured_media":44141,"comment_status":"open","ping_status":"open","sticky":false,"template":"","format":"standard","meta":{"footnotes":""},"categories":[249],"tags":[],"class_list":["post-44140","post","type-post","status-publish","format-standard","has-post-thumbnail","hentry","category-farandula"],"_links":{"self":[{"href":"https:\/\/defrentealaverdad.com\/index.php\/wp-json\/wp\/v2\/posts\/44140","targetHints":{"allow":["GET"]}}],"collection":[{"href":"https:\/\/defrentealaverdad.com\/index.php\/wp-json\/wp\/v2\/posts"}],"about":[{"href":"https:\/\/defrentealaverdad.com\/index.php\/wp-json\/wp\/v2\/types\/post"}],"author":[{"embeddable":true,"href":"https:\/\/defrentealaverdad.com\/index.php\/wp-json\/wp\/v2\/users\/4"}],"replies":[{"embeddable":true,"href":"https:\/\/defrentealaverdad.com\/index.php\/wp-json\/wp\/v2\/comments?post=44140"}],"version-history":[{"count":2,"href":"https:\/\/defrentealaverdad.com\/index.php\/wp-json\/wp\/v2\/posts\/44140\/revisions"}],"predecessor-version":[{"id":44146,"href":"https:\/\/defrentealaverdad.com\/index.php\/wp-json\/wp\/v2\/posts\/44140\/revisions\/44146"}],"wp:featuredmedia":[{"embeddable":true,"href":"https:\/\/defrentealaverdad.com\/index.php\/wp-json\/wp\/v2\/media\/44141"}],"wp:attachment":[{"href":"https:\/\/defrentealaverdad.com\/index.php\/wp-json\/wp\/v2\/media?parent=44140"}],"wp:term":[{"taxonomy":"category","embeddable":true,"href":"https:\/\/defrentealaverdad.com\/index.php\/wp-json\/wp\/v2\/categories?post=44140"},{"taxonomy":"post_tag","embeddable":true,"href":"https:\/\/defrentealaverdad.com\/index.php\/wp-json\/wp\/v2\/tags?post=44140"}],"curies":[{"name":"wp","href":"https:\/\/api.w.org\/{rel}","templated":true}]}}