{"id":44118,"date":"2025-05-04T17:45:42","date_gmt":"2025-05-04T17:45:42","guid":{"rendered":"https:\/\/defrentealaverdad.com\/?p=44118"},"modified":"2025-05-05T17:49:48","modified_gmt":"2025-05-05T17:49:48","slug":"inauguran-congreso-mundial-del-derecho-santo-domingo","status":"publish","type":"post","link":"https:\/\/defrentealaverdad.com\/index.php\/2025\/05\/04\/inauguran-congreso-mundial-del-derecho-santo-domingo\/","title":{"rendered":"Inauguran Congreso Mundial del Derecho Santo Domingo"},"content":{"rendered":"<p style=\"text-align: justify;\">Fue inaugurado la noche de este domingo en la Aula Magna de la Universidad Aut\u00f3noma de Santo Domingo (UASD), el Congreso Mundial del Derecho (ELC, por sus siglas en ingl\u00e9s), un evento que concentra a m\u00e1s de 2,500 participantes, entre ellos alrededor de 1,600 j\u00f3venes estudiantes dominicanos y m\u00e1s de 300 panelistas.<\/p>\n<p style=\"text-align: justify;\">La ceremonia cont\u00f3 con la presencia de destacadas figuras nacionales e internacionales, entre ellas la vicepresidenta de la Rep\u00fablica Dominicana, Raquel Pe\u00f1a; el expresidente dominicano, Leonel Fern\u00e1ndez Reyna; el expresidente de Colombia, Iv\u00e1n Duque; el presidente del Tribunal Constitucional, Napole\u00f3n Est\u00e9vez; la alcaldesa del Distrito Nacional, Carolina Mej\u00eda; el Defensor del Pueblo, Pablo Ulloa; el canciller de la Universidad del Caribe, Alejandro Aybar; el rector de la UASD, Editrudis Beltr\u00e1n; y el ministro de Trabajo, Eddy Olivares.<\/p>\n<p style=\"text-align: justify;\">Durante sus palabras de apertura, Javier Cremades, presidente de la Asociaci\u00f3n Mundial de Juristas, destac\u00f3 la importancia de la justicia constitucional, se\u00f1alando que <em>\u201cla joya del constitucionalismo es la justicia constitucional\u201d.<\/em><\/p>\n<p style=\"text-align: justify;\">Subray\u00f3 tambi\u00e9n que este congreso no se celebra en los pa\u00edses, sino con los pa\u00edses, y explic\u00f3 que Rep\u00fablica Dominicana fue elegida como sede debido a su conectividad social, la unidad y la comunicaci\u00f3n entre loa pol\u00edticos, a\u00fan sean adversarios, la institucionalidad y avances econ\u00f3micos.<\/p>\n<blockquote>\n<p style=\"text-align: justify;\">\u201cEstamos muy orgullosos de estar aqu\u00ed, donde se establecieron el primer ayuntamiento, la primera catedral y el primer tribunal de Am\u00e9rica. Este es un estado real que ha generado mucho bienestar, que ha sacado a muchas personas de la pobreza y las ha llevado a la clase media. Muchas felicidades por eso, cons\u00e9rvenlo\u201d, expres\u00f3 Cremades.<\/p>\n<\/blockquote>\n<p style=\"text-align: justify;\">El Congreso Mundial del Derecho re\u00fane a representantes de 87 pa\u00edses, con las delegaciones m\u00e1s numerosas provenientes de Rep\u00fablica Dominicana, Espa\u00f1a, Estados Unidos, China y Alemania. Todas las especialidades jur\u00eddicas est\u00e1n representadas al m\u00e1s alto nivel y durante tres d\u00edas se abordar\u00e1n los grandes retos de la humanidad desde la perspectiva del derecho.<\/p>\n<p style=\"text-align: justify;\">Por su parte, Raquel Pe\u00f1a, vicepresidenta dominicana, reafirm\u00f3 el compromiso del gobierno con el fortalecimiento del Estado de derecho a trav\u00e9s de la tecnolog\u00eda y la inclusi\u00f3n juvenil.<\/p>\n<blockquote>\n<p style=\"text-align: justify;\">\u201cEl derecho es parte esencial de nuestro tejido social y democr\u00e1tico. En esta administraci\u00f3n es importante situar a la juventud en el centro de todos los esfuerzos transformadores, y ustedes en este congreso no solo han convocado a los j\u00f3venes, los han convertido en verdaderos protagonistas\u201d, afirm\u00f3.<\/p>\n<\/blockquote>\n<p style=\"text-align: justify;\">El Congreso Mundial del Derecho se celebrar\u00e1 del 4 al 6 de mayo, con una agenda amplia de conferencias y paneles.<\/p>\n<p>&nbsp;<\/p>\n<p>Fuente: Congreso Mundial del Derecho<\/p>\n","protected":false},"excerpt":{"rendered":"<p>Fue inaugurado la noche de este domingo en la Aula Magna de la Universidad Aut\u00f3noma<\/p>\n","protected":false},"author":1,"featured_media":0,"comment_status":"open","ping_status":"open","sticky":false,"template":"","format":"standard","meta":{"footnotes":""},"categories":[7],"tags":[],"class_list":["post-44118","post","type-post","status-publish","format-standard","hentry","category-nacionales"],"_links":{"self":[{"href":"https:\/\/defrentealaverdad.com\/index.php\/wp-json\/wp\/v2\/posts\/44118","targetHints":{"allow":["GET"]}}],"collection":[{"href":"https:\/\/defrentealaverdad.com\/index.php\/wp-json\/wp\/v2\/posts"}],"about":[{"href":"https:\/\/defrentealaverdad.com\/index.php\/wp-json\/wp\/v2\/types\/post"}],"author":[{"embeddable":true,"href":"https:\/\/defrentealaverdad.com\/index.php\/wp-json\/wp\/v2\/users\/1"}],"replies":[{"embeddable":true,"href":"https:\/\/defrentealaverdad.com\/index.php\/wp-json\/wp\/v2\/comments?post=44118"}],"version-history":[{"count":1,"href":"https:\/\/defrentealaverdad.com\/index.php\/wp-json\/wp\/v2\/posts\/44118\/revisions"}],"predecessor-version":[{"id":44119,"href":"https:\/\/defrentealaverdad.com\/index.php\/wp-json\/wp\/v2\/posts\/44118\/revisions\/44119"}],"wp:attachment":[{"href":"https:\/\/defrentealaverdad.com\/index.php\/wp-json\/wp\/v2\/media?parent=44118"}],"wp:term":[{"taxonomy":"category","embeddable":true,"href":"https:\/\/defrentealaverdad.com\/index.php\/wp-json\/wp\/v2\/categories?post=44118"},{"taxonomy":"post_tag","embeddable":true,"href":"https:\/\/defrentealaverdad.com\/index.php\/wp-json\/wp\/v2\/tags?post=44118"}],"curies":[{"name":"wp","href":"https:\/\/api.w.org\/{rel}","templated":true}]}}