{"id":44115,"date":"2025-05-05T17:42:12","date_gmt":"2025-05-05T17:42:12","guid":{"rendered":"https:\/\/defrentealaverdad.com\/?p=44115"},"modified":"2025-05-05T17:42:12","modified_gmt":"2025-05-05T17:42:12","slug":"republica-dominicana-centro-del-derecho-global-con-el-world-law-congress-2025","status":"publish","type":"post","link":"https:\/\/defrentealaverdad.com\/index.php\/2025\/05\/05\/republica-dominicana-centro-del-derecho-global-con-el-world-law-congress-2025\/","title":{"rendered":"Rep\u00fablica Dominicana: Centro del Derecho Global con el World Law Congress 2025"},"content":{"rendered":"<p style=\"text-align: justify;\">Santo Domingo.- En un acto encabezado por la vicepresidenta de la Rep\u00fablica, Raquel Pe\u00f1a, junto a Eddy Olivares, presidente del comit\u00e9 local del congreso mundial y ministro de Trabajo, se realiz\u00f3 la ceremonia inaugural del Wold Law Congress 2025, bajo el lema \u00abNew Generation and Rule of Law: Shaping the Future\u00bb.<\/p>\n<p style=\"text-align: justify;\">El Aula Magna de la Universidad Aut\u00f3noma de Santo Domingo sirvi\u00f3 de escenario para dar oficial apertura al Wold Law Congress.<\/p>\n<p style=\"text-align: justify;\">Al ofrecer las palabras centrales del acto, Raquel Pe\u00f1a reafirm\u00f3 el compromiso del pa\u00eds con la defensa del Estado de Derecho, el fortalecimiento institucional y la participaci\u00f3n activa de las nuevas generaciones en la construcci\u00f3n de una justicia m\u00e1s cercana, moderna y equitativa.<\/p>\n<p style=\"text-align: justify;\">Durante su intervenci\u00f3n, Pe\u00f1a resalt\u00f3 el papel del gobierno del presidente Luis Abinader en la modernizaci\u00f3n del aparato judicial. Asimismo, hizo un llamado a empoderar a la juventud:<\/p>\n<blockquote>\n<p style=\"text-align: justify;\">\u201cEste es un Congreso para que se inspiren y se involucren. Necesitamos su empuje para defender lo que otros conquistaron y su valent\u00eda para transformar lo que puede mejorarse\u201d, expres\u00f3 la vicepresidenta.<\/p>\n<\/blockquote>\n<p style=\"text-align: justify;\">Mientras que, Eddy Olivares, presidente del comit\u00e9 Local del World Law Congress y ministro de Trabajo, sostuvo que en tiempos de incertidumbre, la World Jurist Association, los ha invitado a un pa\u00eds que vive en paz, trabaja fuerte para crecer cada d\u00eda, con una democracia cada vez m\u00e1s consolidada, un sistema de partidos estable y un liderazgo pol\u00edtico responsable.<\/p>\n<p style=\"text-align: justify;\">Olivares felicit\u00f3 a la World Jurist Association por dedicarle el congreso a la juventud.<\/p>\n<blockquote>\n<p style=\"text-align: justify;\">\u201cEllos son la fuerza que renovar\u00e1 nuestro compromiso con la justicia y abrir\u00e1 caminos que a\u00fan no podemos imaginar\u201d.<\/p>\n<\/blockquote>\n<p style=\"text-align: justify;\">\u00a0Eddy Olivares, titular de Trabajo manifest\u00f3:<\/p>\n<blockquote>\n<p style=\"text-align: justify;\">\u201cComo pueden apreciar, la Rep\u00fablica Dominicana, con grandes avances en la independencia del Poder Judicial y el Ministerio P\u00fablico, est\u00e1 apegada firmemente a los principios democr\u00e1ticos, la defensa de las libertades p\u00fablicas y la consolidaci\u00f3n de un orden jur\u00eddico abierto, plural y respetuoso de los derechos fundamentales\u201d<\/p>\n<\/blockquote>\n<p style=\"text-align: justify;\">En ese orden, Javier Cremades, presidente de la World Jurist Association, agradeci\u00f2 a todas las personas que est\u00e1n contribuyendo a la campa\u00f1a que desde hace 60 a\u00f1os trata de explicar que solo hay una garant\u00eda verdadera para proteger a la libertad y la dignidad, que es vivir bajo el amparo de la ley y someterse voluntariamente a una Constituci\u00f3n y a unas leyes; y controlar as\u00ed el poder p\u00fablico para proteger a cada ser humano del abuso de poder.<\/p>\n<blockquote>\n<p style=\"text-align: justify;\">\u201cLa dignidad humana es el objeto \u00fanico de cualquier organizaci\u00f3n que pueda quererse y pretenderse conectado con el estado de derecho. Solo hay una garant\u00eda verdadera: La ley. Un Sistema por muy perfecto que sea no va a funcionar si la comunidad no se integra. Vamos a crear consciencia y por primera vez vinculando a los j\u00f3venes. Nada puede sustituir el contacto directo. Gracias por tener bien cuidado este pa\u00eds y gracias al presidente Abinader por darnos el impulso\u201d, expres\u00f3 Cremades.<\/p>\n<\/blockquote>\n<p style=\"text-align: justify;\">\u00a0Este magno congreso reunir\u00e1 a l\u00edderes de opini\u00f3n, juristas, jueces, acad\u00e9micos y dignatarios de m\u00e1s de 70 pa\u00edses, incluyendo al Rey de Espa\u00f1a, Su Majestad Felipe VI, quien ha confirmado su participaci\u00f3n, as\u00ed como el presidente Luis Abinader.<\/p>\n<p style=\"text-align: justify;\">Durante tres d\u00edas, la Rep\u00fablica Dominicana se convertir\u00e1 en el epicentro del debate jur\u00eddico internacional al ser sede del World Law Congress, evento conocido como la voz global del derecho, en donde se abordar\u00e1n temas de actualidad jur\u00eddica, los derechos humanos, inteligencia artificial y los desaf\u00edos jur\u00eddicos del siglo XXI.<\/p>\n<p style=\"text-align: justify;\">La log\u00edstica del conclave, organizado por la World Jurist Association, representa un reconocimiento sin precedentes al desarrollo institucional y democr\u00e1tico de la Rep\u00fablica Dominicana, posicion\u00e1ndola como un referente de estabilidad jur\u00eddica y apertura al di\u00e1logo internacional en el Caribe y Am\u00e9rica Latina.<\/p>\n<p style=\"text-align: justify;\">El World Law Congress que cuenta con el registro de representantes de cortes supremas, organismos multilaterales, facultades de derecho y firmas legales de renombre, no solo tendr\u00e1 impacto acad\u00e9mico y jur\u00eddico, sino que proyectar\u00e1 al pa\u00eds como un destino confiable para la inversi\u00f3n, el turismo jur\u00eddico y la cooperaci\u00f3n internacional.<\/p>\n<p style=\"text-align: justify;\">Participaron en el acto inaugural, Carolina Mej\u00eda, alcaldesa de Santo Domingo, Pablo Ulloa, Defensor del Pueblo; Jos\u00e9 Alejandro Aybar, canciller de UNICARIBE; Iv\u00e1n Duque, expresidente de Colombia y copresidente del Comit\u00e9 Internacional del World Law Congress; Napole\u00f3n Est\u00e9vez Lavandier, presidente del Tribunal Constitucional y \u00c1ngela Montoya, CEO de la World Law Foundation.<\/p>\n<p style=\"text-align: justify;\">Adem\u00e1s, Editrudis Beltr\u00e1n, rector de la UASD, Marko Bo\u0161njak Eslovenia, presidente del Tribunal Europeo de Derechos Humanos; Holta Za\u00e7aj, del Tribunal Constitucional de Albania; Carlos Vives, cantante y compositor colombiano, quien habl\u00f3 sobre su compromiso c\u00edvico con la paz y la convivencia; y estuvo a cargo del cierre con una presentaci\u00f3n musical; entre otras personalidades.<\/p>\n<p>\u00a0<strong>Programa del Foro<\/strong><\/p>\n<p style=\"text-align: justify;\">\u00a0El programa cuenta con foro internacional de justicia, derechos humanos y libertad de expresi\u00f3n, Estado de derecho, medioambiente y energ\u00eda; y retos digitales: IA, ciberseguridad, redes sociales.<\/p>\n<p style=\"text-align: justify;\">Asimismo, protecci\u00f3n de datos, era electoral y acontecimientos geopol\u00edticos, principios constitucionales universales, pr\u00e1ctica corporativa y estado de derecho; y arbitraje y resoluci\u00f3n alternativa de conflictos.<\/p>\n<p>\u00a0Fuente: Prensa Wold Law Congress<\/p>\n","protected":false},"excerpt":{"rendered":"<p>Santo Domingo.- En un acto encabezado por la vicepresidenta de la Rep\u00fablica, Raquel Pe\u00f1a, junto<\/p>\n","protected":false},"author":2,"featured_media":44116,"comment_status":"open","ping_status":"open","sticky":false,"template":"","format":"standard","meta":{"footnotes":""},"categories":[7],"tags":[],"class_list":["post-44115","post","type-post","status-publish","format-standard","has-post-thumbnail","hentry","category-nacionales"],"_links":{"self":[{"href":"https:\/\/defrentealaverdad.com\/index.php\/wp-json\/wp\/v2\/posts\/44115","targetHints":{"allow":["GET"]}}],"collection":[{"href":"https:\/\/defrentealaverdad.com\/index.php\/wp-json\/wp\/v2\/posts"}],"about":[{"href":"https:\/\/defrentealaverdad.com\/index.php\/wp-json\/wp\/v2\/types\/post"}],"author":[{"embeddable":true,"href":"https:\/\/defrentealaverdad.com\/index.php\/wp-json\/wp\/v2\/users\/2"}],"replies":[{"embeddable":true,"href":"https:\/\/defrentealaverdad.com\/index.php\/wp-json\/wp\/v2\/comments?post=44115"}],"version-history":[{"count":1,"href":"https:\/\/defrentealaverdad.com\/index.php\/wp-json\/wp\/v2\/posts\/44115\/revisions"}],"predecessor-version":[{"id":44117,"href":"https:\/\/defrentealaverdad.com\/index.php\/wp-json\/wp\/v2\/posts\/44115\/revisions\/44117"}],"wp:featuredmedia":[{"embeddable":true,"href":"https:\/\/defrentealaverdad.com\/index.php\/wp-json\/wp\/v2\/media\/44116"}],"wp:attachment":[{"href":"https:\/\/defrentealaverdad.com\/index.php\/wp-json\/wp\/v2\/media?parent=44115"}],"wp:term":[{"taxonomy":"category","embeddable":true,"href":"https:\/\/defrentealaverdad.com\/index.php\/wp-json\/wp\/v2\/categories?post=44115"},{"taxonomy":"post_tag","embeddable":true,"href":"https:\/\/defrentealaverdad.com\/index.php\/wp-json\/wp\/v2\/tags?post=44115"}],"curies":[{"name":"wp","href":"https:\/\/api.w.org\/{rel}","templated":true}]}}