{"id":44109,"date":"2025-05-04T22:23:12","date_gmt":"2025-05-04T22:23:12","guid":{"rendered":"https:\/\/defrentealaverdad.com\/?p=44109"},"modified":"2025-05-04T22:23:12","modified_gmt":"2025-05-04T22:23:12","slug":"ministerio-de-obras-publicas-despliega-amplio-operativo-nacional-para-mitigar-efectos-de-las-lluvias","status":"publish","type":"post","link":"https:\/\/defrentealaverdad.com\/index.php\/2025\/05\/04\/ministerio-de-obras-publicas-despliega-amplio-operativo-nacional-para-mitigar-efectos-de-las-lluvias\/","title":{"rendered":"Ministerio de Obras P\u00fablicas despliega amplio operativo nacional para mitigar efectos de las lluvias"},"content":{"rendered":"<p style=\"text-align: justify;\">El Ministerio de Obras P\u00fablicas y Comunicaciones (MOPC) ha desplegado decenas de equipos pesados y brigadas t\u00e9cnicas en puntos estrat\u00e9gicos y zonas vulnerables del pa\u00eds, en respuesta a las intensas lluvias que han afectado distintos puntos del territorio nacional.<\/p>\n<p style=\"text-align: justify;\">La instituci\u00f3n ha movilizado un importante contingente de maquinarias, incluyendo excavadoras, retroexcavadoras, palas cargadoras, rodillos, camiones, motoniveladoras (gredars) y tractores, con el objetivo de intervenir de forma inmediata en las comunidades m\u00e1s impactadas por el fen\u00f3meno atmosf\u00e9rico.<\/p>\n<p style=\"text-align: justify;\">Estas brigadas, integradas por personal calificado del MOPC, tienen como prioridad proteger vidas humanas, garantizar el acceso vial y mitigar riesgos de desastre en las localidades afectadas.<\/p>\n<p style=\"text-align: justify;\"><strong>Intervenciones por provincias<\/strong><\/p>\n<p style=\"text-align: justify;\">\u25aa\ufe0e Provincia Espaillat: Se brinda asistencia en los municipios de Gaspar Hern\u00e1ndez, as\u00ed como en los distritos municipales de Veragua y Joba Arriba, donde las lluvias han provocado deslizamientos y afectaciones en caminos vecinales.<\/p>\n<p style=\"text-align: justify;\">\u25aa\ufe0eProvincia Puerto Plata: Brigadas trabajan activamente en Sos\u00faa, Montellano, Guananico, Altamira, La Jaiba, Imbert y el distrito municipal Y\u00e1sica Arriba, en acciones de limpieza, evaluaci\u00f3n de da\u00f1os y rehabilitaci\u00f3n de v\u00edas.<\/p>\n<p style=\"text-align: justify;\">\u25aa\ufe0e Provincia La Vega: Se realizan labores preventivas y correctivas en Constanza (especialmente en las comunidades de Agua Blanca y El Convento), en el distrito municipal Tireo, as\u00ed como en Jarabacoa (zona de Manabao) y Villa Cutup\u00fa.<\/p>\n<p style=\"text-align: justify;\">En todos estos puntos, los t\u00e9cnicos del MOPC realizan evaluaciones de da\u00f1os a infraestructuras viales, con miras a una r\u00e1pida intervenci\u00f3n que permita restablecer la conectividad de las comunidades aisladas.<\/p>\n<p style=\"text-align: justify;\">Asimismo, la instituci\u00f3n inform\u00f3 que en los lugares donde los puentes han sido impactados por la crecida de r\u00edos y ca\u00f1adas, se est\u00e1n haciendo inspecciones t\u00e9cnicas tan pronto las condiciones lo permiten, a fin de proceder con su reparaci\u00f3n o la construcci\u00f3n de nuevas estructuras, seg\u00fan sea necesario.<\/p>\n<p style=\"text-align: justify;\">El MOPC reitera su compromiso de actuar con rapidez y responsabilidad ante eventos que ponen en riesgo a la poblaci\u00f3n, y hace un llamado a la ciudadan\u00eda a mantenerse atenta a las orientaciones de los organismos oficiales.<\/p>\n<p>&nbsp;<\/p>\n<p>Fuente: Dir. Com. MOPC<\/p>\n","protected":false},"excerpt":{"rendered":"<p>El Ministerio de Obras P\u00fablicas y Comunicaciones (MOPC) ha desplegado decenas de equipos pesados y<\/p>\n","protected":false},"author":1,"featured_media":44110,"comment_status":"open","ping_status":"open","sticky":false,"template":"","format":"standard","meta":{"footnotes":""},"categories":[7],"tags":[],"class_list":["post-44109","post","type-post","status-publish","format-standard","has-post-thumbnail","hentry","category-nacionales"],"_links":{"self":[{"href":"https:\/\/defrentealaverdad.com\/index.php\/wp-json\/wp\/v2\/posts\/44109","targetHints":{"allow":["GET"]}}],"collection":[{"href":"https:\/\/defrentealaverdad.com\/index.php\/wp-json\/wp\/v2\/posts"}],"about":[{"href":"https:\/\/defrentealaverdad.com\/index.php\/wp-json\/wp\/v2\/types\/post"}],"author":[{"embeddable":true,"href":"https:\/\/defrentealaverdad.com\/index.php\/wp-json\/wp\/v2\/users\/1"}],"replies":[{"embeddable":true,"href":"https:\/\/defrentealaverdad.com\/index.php\/wp-json\/wp\/v2\/comments?post=44109"}],"version-history":[{"count":1,"href":"https:\/\/defrentealaverdad.com\/index.php\/wp-json\/wp\/v2\/posts\/44109\/revisions"}],"predecessor-version":[{"id":44111,"href":"https:\/\/defrentealaverdad.com\/index.php\/wp-json\/wp\/v2\/posts\/44109\/revisions\/44111"}],"wp:featuredmedia":[{"embeddable":true,"href":"https:\/\/defrentealaverdad.com\/index.php\/wp-json\/wp\/v2\/media\/44110"}],"wp:attachment":[{"href":"https:\/\/defrentealaverdad.com\/index.php\/wp-json\/wp\/v2\/media?parent=44109"}],"wp:term":[{"taxonomy":"category","embeddable":true,"href":"https:\/\/defrentealaverdad.com\/index.php\/wp-json\/wp\/v2\/categories?post=44109"},{"taxonomy":"post_tag","embeddable":true,"href":"https:\/\/defrentealaverdad.com\/index.php\/wp-json\/wp\/v2\/tags?post=44109"}],"curies":[{"name":"wp","href":"https:\/\/api.w.org\/{rel}","templated":true}]}}