{"id":44099,"date":"2025-05-04T20:32:50","date_gmt":"2025-05-04T20:32:50","guid":{"rendered":"https:\/\/defrentealaverdad.com\/?p=44099"},"modified":"2025-05-04T20:34:26","modified_gmt":"2025-05-04T20:34:26","slug":"club-los-prados-celebra-su-57-o-aniversario-con-cena-de-gala","status":"publish","type":"post","link":"https:\/\/defrentealaverdad.com\/index.php\/2025\/05\/04\/club-los-prados-celebra-su-57-o-aniversario-con-cena-de-gala\/","title":{"rendered":"Club Los Prados celebra su 57.\u00ba aniversario con cena de gala"},"content":{"rendered":"<blockquote>\n<p style=\"text-align: justify;\">Reconocen al Mayor General Juan Manuel M\u00e9ndez por su destacada labor al servicio del pa\u00eds<\/p>\n<\/blockquote>\n<p style=\"text-align: justify;\"><strong>Santo Domingo, Rep\u00fablica Dominicana<\/strong>.\u2013 El Club Los Prados conmemor\u00f3 su 57.\u00ba aniversario con una elegante cena de gala, reafirmando su compromiso con el desarrollo social, cultural y deportivo de la Rep\u00fablica Dominicana.<img decoding=\"async\" class=\"size-medium wp-image-44102 alignleft lazyload\" data-src=\"https:\/\/defrentealaverdad.com\/wp-content\/uploads\/2025\/05\/IMG-20250504-WA0099-300x169.jpg\" alt=\"\" width=\"300\" height=\"169\" data-srcset=\"https:\/\/defrentealaverdad.com\/wp-content\/uploads\/2025\/05\/IMG-20250504-WA0099-300x169.jpg 300w, https:\/\/defrentealaverdad.com\/wp-content\/uploads\/2025\/05\/IMG-20250504-WA0099-1024x576.jpg 1024w, https:\/\/defrentealaverdad.com\/wp-content\/uploads\/2025\/05\/IMG-20250504-WA0099-768x432.jpg 768w, https:\/\/defrentealaverdad.com\/wp-content\/uploads\/2025\/05\/IMG-20250504-WA0099-1536x864.jpg 1536w, https:\/\/defrentealaverdad.com\/wp-content\/uploads\/2025\/05\/IMG-20250504-WA0099-2048x1152.jpg 2048w, https:\/\/defrentealaverdad.com\/wp-content\/uploads\/2025\/05\/IMG-20250504-WA0099-800x450.jpg 800w\" data-sizes=\"(max-width: 300px) 100vw, 300px\" src=\"data:image\/svg+xml;base64,PHN2ZyB3aWR0aD0iMSIgaGVpZ2h0PSIxIiB4bWxucz0iaHR0cDovL3d3dy53My5vcmcvMjAwMC9zdmciPjwvc3ZnPg==\" style=\"--smush-placeholder-width: 300px; --smush-placeholder-aspect-ratio: 300\/169;\" \/><\/p>\n<p style=\"text-align: justify;\">Durante la ceremonia, se otorg\u00f3 un reconocimiento especial al Mayor General (r) Juan Manuel M\u00e9ndez Garc\u00eda, en honor a su trayectoria como funcionario p\u00fablico, destacada por su honestidad, capacidad, dedicaci\u00f3n y esp\u00edritu altruista. El galard\u00f3n fue recibido en su nombre por sus hijos: Juan Manuel M\u00e9ndez Guzm\u00e1n, Carlos Jos\u00e9 M\u00e9ndez Guzm\u00e1n y Luis Manuel M\u00e9ndez P\u00e9rez, quienes expresaron el honor que representa para su familia tan significativo homenaje.<img decoding=\"async\" class=\"size-medium wp-image-44103 alignright lazyload\" data-src=\"https:\/\/defrentealaverdad.com\/wp-content\/uploads\/2025\/05\/IMG-20250504-WA0098-300x169.jpg\" alt=\"\" width=\"300\" height=\"169\" data-srcset=\"https:\/\/defrentealaverdad.com\/wp-content\/uploads\/2025\/05\/IMG-20250504-WA0098-300x169.jpg 300w, https:\/\/defrentealaverdad.com\/wp-content\/uploads\/2025\/05\/IMG-20250504-WA0098-1024x576.jpg 1024w, https:\/\/defrentealaverdad.com\/wp-content\/uploads\/2025\/05\/IMG-20250504-WA0098-768x432.jpg 768w, https:\/\/defrentealaverdad.com\/wp-content\/uploads\/2025\/05\/IMG-20250504-WA0098-1536x864.jpg 1536w, https:\/\/defrentealaverdad.com\/wp-content\/uploads\/2025\/05\/IMG-20250504-WA0098-2048x1152.jpg 2048w, https:\/\/defrentealaverdad.com\/wp-content\/uploads\/2025\/05\/IMG-20250504-WA0098-800x450.jpg 800w\" data-sizes=\"(max-width: 300px) 100vw, 300px\" src=\"data:image\/svg+xml;base64,PHN2ZyB3aWR0aD0iMSIgaGVpZ2h0PSIxIiB4bWxucz0iaHR0cDovL3d3dy53My5vcmcvMjAwMC9zdmciPjwvc3ZnPg==\" style=\"--smush-placeholder-width: 300px; --smush-placeholder-aspect-ratio: 300\/169;\" \/><\/p>\n<p style=\"text-align: justify;\">El presidente del Club Los Prados, Jorge Ram\u00edrez, destac\u00f3 la importancia de rendir tributo a ciudadanos ejemplares que han dedicado su vida al servicio del pa\u00eds. Subray\u00f3 que el Mayor General M\u00e9ndez Garc\u00eda encarna los valores que la instituci\u00f3n promueve desde sus inicios.<\/p>\n<p style=\"text-align: justify;\"><img decoding=\"async\" class=\"size-medium wp-image-44104 alignleft lazyload\" data-src=\"https:\/\/defrentealaverdad.com\/wp-content\/uploads\/2025\/05\/IMG-20250504-WA0096-300x169.jpg\" alt=\"\" width=\"300\" height=\"169\" data-srcset=\"https:\/\/defrentealaverdad.com\/wp-content\/uploads\/2025\/05\/IMG-20250504-WA0096-300x169.jpg 300w, https:\/\/defrentealaverdad.com\/wp-content\/uploads\/2025\/05\/IMG-20250504-WA0096-1024x576.jpg 1024w, https:\/\/defrentealaverdad.com\/wp-content\/uploads\/2025\/05\/IMG-20250504-WA0096-768x432.jpg 768w, https:\/\/defrentealaverdad.com\/wp-content\/uploads\/2025\/05\/IMG-20250504-WA0096-1536x864.jpg 1536w, https:\/\/defrentealaverdad.com\/wp-content\/uploads\/2025\/05\/IMG-20250504-WA0096-2048x1152.jpg 2048w, https:\/\/defrentealaverdad.com\/wp-content\/uploads\/2025\/05\/IMG-20250504-WA0096-800x450.jpg 800w\" data-sizes=\"(max-width: 300px) 100vw, 300px\" src=\"data:image\/svg+xml;base64,PHN2ZyB3aWR0aD0iMSIgaGVpZ2h0PSIxIiB4bWxucz0iaHR0cDovL3d3dy53My5vcmcvMjAwMC9zdmciPjwvc3ZnPg==\" style=\"--smush-placeholder-width: 300px; --smush-placeholder-aspect-ratio: 300\/169;\" \/>La velada cont\u00f3 con la presencia de destacadas personalidades de la prensa como Rafael Shanlate, Domingo Bautista, Coralia Lebr\u00f3n, Domingo Luigui L\u00f3pez, Elaine Melenciano, Anabell Alcantara, Jos\u00e9 Joaqu\u00edn P\u00e9rez, Oliver Ogando, Roberto Mart\u00ednez, Vianney Marcelino y Milciades Guevara, as\u00ed como representantes de diversos sectores. Todos ellos reafirmaron el legado del Club Los Prados como un referente de uni\u00f3n y compromiso social en la naci\u00f3n.<\/p>\n<p>Fuente: C. Lebr\u00f3n<\/p>\n","protected":false},"excerpt":{"rendered":"<p>Reconocen al Mayor General Juan Manuel M\u00e9ndez por su destacada labor al servicio del pa\u00eds<\/p>\n","protected":false},"author":1,"featured_media":44100,"comment_status":"open","ping_status":"open","sticky":false,"template":"","format":"standard","meta":{"footnotes":""},"categories":[13],"tags":[],"class_list":["post-44099","post","type-post","status-publish","format-standard","has-post-thumbnail","hentry","category-sociales"],"_links":{"self":[{"href":"https:\/\/defrentealaverdad.com\/index.php\/wp-json\/wp\/v2\/posts\/44099","targetHints":{"allow":["GET"]}}],"collection":[{"href":"https:\/\/defrentealaverdad.com\/index.php\/wp-json\/wp\/v2\/posts"}],"about":[{"href":"https:\/\/defrentealaverdad.com\/index.php\/wp-json\/wp\/v2\/types\/post"}],"author":[{"embeddable":true,"href":"https:\/\/defrentealaverdad.com\/index.php\/wp-json\/wp\/v2\/users\/1"}],"replies":[{"embeddable":true,"href":"https:\/\/defrentealaverdad.com\/index.php\/wp-json\/wp\/v2\/comments?post=44099"}],"version-history":[{"count":2,"href":"https:\/\/defrentealaverdad.com\/index.php\/wp-json\/wp\/v2\/posts\/44099\/revisions"}],"predecessor-version":[{"id":44105,"href":"https:\/\/defrentealaverdad.com\/index.php\/wp-json\/wp\/v2\/posts\/44099\/revisions\/44105"}],"wp:featuredmedia":[{"embeddable":true,"href":"https:\/\/defrentealaverdad.com\/index.php\/wp-json\/wp\/v2\/media\/44100"}],"wp:attachment":[{"href":"https:\/\/defrentealaverdad.com\/index.php\/wp-json\/wp\/v2\/media?parent=44099"}],"wp:term":[{"taxonomy":"category","embeddable":true,"href":"https:\/\/defrentealaverdad.com\/index.php\/wp-json\/wp\/v2\/categories?post=44099"},{"taxonomy":"post_tag","embeddable":true,"href":"https:\/\/defrentealaverdad.com\/index.php\/wp-json\/wp\/v2\/tags?post=44099"}],"curies":[{"name":"wp","href":"https:\/\/api.w.org\/{rel}","templated":true}]}}