{"id":44096,"date":"2025-05-04T20:31:05","date_gmt":"2025-05-04T20:31:05","guid":{"rendered":"https:\/\/defrentealaverdad.com\/?p=44096"},"modified":"2025-05-04T20:31:05","modified_gmt":"2025-05-04T20:31:05","slug":"arajet-tu-mejor-aliado-para-volar-a-medellin-y-vivir-la-emocion-de-los-premios-heat","status":"publish","type":"post","link":"https:\/\/defrentealaverdad.com\/index.php\/2025\/05\/04\/arajet-tu-mejor-aliado-para-volar-a-medellin-y-vivir-la-emocion-de-los-premios-heat\/","title":{"rendered":"Arajet: Tu mejor aliado para volar a Medell\u00edn y vivir la emoci\u00f3n de los Premios Heat"},"content":{"rendered":"<p style=\"text-align: justify;\">Santo Domingo, R.D.-La aerol\u00ednea dominicana Arajet contin\u00faa ganando terreno en la regi\u00f3n, y cada vez m\u00e1s viajeros la eligen para volar a distintos rincones de Am\u00e9rica, destacando su servicio eficiente, sus altos est\u00e1ndares operativos y ese calor humano que distingue su atenci\u00f3n a bordo.<\/p>\n<p style=\"text-align: justify;\">Con vuelos directos desde Santo Domingo hacia Medell\u00edn, Arajet ofrece una experiencia c\u00f3moda, accesible y confiable, ideal para quienes buscan disfrutar de uno de los eventos m\u00e1s importantes del entretenimiento latino. Ya sea que vayas como fan, periodista o parte del equipo de producci\u00f3n, Arajet te conecta con la ciudad del reguet\u00f3n, la cultura y la fiesta.<\/p>\n<blockquote>\n<p style=\"text-align: justify;\">\u201cArajet no solo conecta destinos, conecta experiencias inolvidables. Sabemos lo que representan los Premios Heat para la industria del entretenimiento, y por eso queremos ser parte del viaje de quienes viven la m\u00fasica con pasi\u00f3n\u201d, expresaron representantes de la aerol\u00ednea.<\/p>\n<\/blockquote>\n<p style=\"text-align: justify;\">Con tarifas competitivas, aeronaves de \u00faltima generaci\u00f3n y un servicio al cliente enfocado en la experiencia del pasajero, Arajet se consolida como una de las alternativas mejor valoradas por quienes buscan cruzar fronteras con comodidad, eficiencia y un trato c\u00e1lido.<\/p>\n<p style=\"text-align: justify;\">Este a\u00f1o, los Premios Heat prometen un espect\u00e1culo inolvidable en la vibrante ciudad de Medell\u00edn, y Arajet hace posible que m\u00e1s personas lleguen hasta all\u00ed para ser parte de esta gran celebraci\u00f3n de la m\u00fasica latina.<\/p>\n<p>Fuente: CRNews<\/p>\n","protected":false},"excerpt":{"rendered":"<p>Santo Domingo, R.D.-La aerol\u00ednea dominicana Arajet contin\u00faa ganando terreno en la regi\u00f3n, y cada vez<\/p>\n","protected":false},"author":4,"featured_media":44097,"comment_status":"open","ping_status":"open","sticky":false,"template":"","format":"standard","meta":{"footnotes":""},"categories":[11],"tags":[],"class_list":["post-44096","post","type-post","status-publish","format-standard","has-post-thumbnail","hentry","category-turismo"],"_links":{"self":[{"href":"https:\/\/defrentealaverdad.com\/index.php\/wp-json\/wp\/v2\/posts\/44096","targetHints":{"allow":["GET"]}}],"collection":[{"href":"https:\/\/defrentealaverdad.com\/index.php\/wp-json\/wp\/v2\/posts"}],"about":[{"href":"https:\/\/defrentealaverdad.com\/index.php\/wp-json\/wp\/v2\/types\/post"}],"author":[{"embeddable":true,"href":"https:\/\/defrentealaverdad.com\/index.php\/wp-json\/wp\/v2\/users\/4"}],"replies":[{"embeddable":true,"href":"https:\/\/defrentealaverdad.com\/index.php\/wp-json\/wp\/v2\/comments?post=44096"}],"version-history":[{"count":1,"href":"https:\/\/defrentealaverdad.com\/index.php\/wp-json\/wp\/v2\/posts\/44096\/revisions"}],"predecessor-version":[{"id":44098,"href":"https:\/\/defrentealaverdad.com\/index.php\/wp-json\/wp\/v2\/posts\/44096\/revisions\/44098"}],"wp:featuredmedia":[{"embeddable":true,"href":"https:\/\/defrentealaverdad.com\/index.php\/wp-json\/wp\/v2\/media\/44097"}],"wp:attachment":[{"href":"https:\/\/defrentealaverdad.com\/index.php\/wp-json\/wp\/v2\/media?parent=44096"}],"wp:term":[{"taxonomy":"category","embeddable":true,"href":"https:\/\/defrentealaverdad.com\/index.php\/wp-json\/wp\/v2\/categories?post=44096"},{"taxonomy":"post_tag","embeddable":true,"href":"https:\/\/defrentealaverdad.com\/index.php\/wp-json\/wp\/v2\/tags?post=44096"}],"curies":[{"name":"wp","href":"https:\/\/api.w.org\/{rel}","templated":true}]}}