{"id":44093,"date":"2025-05-04T20:25:51","date_gmt":"2025-05-04T20:25:51","guid":{"rendered":"https:\/\/defrentealaverdad.com\/?p=44093"},"modified":"2025-05-04T20:25:51","modified_gmt":"2025-05-04T20:25:51","slug":"familiares-de-bruno-martinez-exigen-justicia-tras-fatal-accidente-en-la-autopista-duarte","status":"publish","type":"post","link":"https:\/\/defrentealaverdad.com\/index.php\/2025\/05\/04\/familiares-de-bruno-martinez-exigen-justicia-tras-fatal-accidente-en-la-autopista-duarte\/","title":{"rendered":"Familiares de Bruno Mart\u00ednez exigen justicia tras fatal accidente en la autopista Duarte"},"content":{"rendered":"<p style=\"text-align: justify;\"><strong>Santo<\/strong> <strong>Domingo<\/strong>.- Los familiares de Bruno Alberto Mart\u00ednez Rodr\u00edguez, quien perdi\u00f3 la vida en el tr\u00e1gico accidente vehicular ocurrido la semana pasada en la capital dominicana, han alzado su voz para exigir justicia y la identificaci\u00f3n inmediata del responsable de este lamentable hecho.<\/p>\n<p style=\"text-align: justify;\">El accidente, que involucr\u00f3 cinco veh\u00edculos en un aparatoso choque en la autopista Duarte], dej\u00f3 como resultado la muerte de varios ciudadanos, entre ellos Bruno Alberto, un joven trabajador, hijo, hermano y amigo muy querido por su comunidad.<\/p>\n<blockquote>\n<p style=\"text-align: justify;\">\u201cNo descansaremos hasta que se haga justicia por la muerte de Bruno. Exigimos a las autoridades competentes que agilicen la investigaci\u00f3n, identifiquen al responsable de este crimen y se imponga todo el peso de la ley,\u201d expres\u00f3 un portavoz de la familia mediante un documento de prensa dado a conocer hoy.<\/p>\n<\/blockquote>\n<p style=\"text-align: justify;\">Seg\u00fan versiones preliminares, uno de los veh\u00edculos involucrados en el accidente habr\u00eda sido conducido de manera imprudente y a alta velocidad, lo que pudo haber sido el detonante de la cadena de colisiones. Hasta el momento, no se ha confirmado oficialmente la identidad del conductor culpable, lo que ha generado a\u00fan m\u00e1s angustia y frustraci\u00f3n entre los allegados de la v\u00edctima.<\/p>\n<blockquote>\n<p style=\"text-align: justify;\">\u201cBruno era un joven noble, trabajador y lleno de sue\u00f1os. No merec\u00eda morir as\u00ed. Queremos respuestas y que el responsable pague por lo que hizo. No puede haber impunidad,\u201d expres\u00f3 entre l\u00e1grimas su hermano Anthony Mart\u00ednez Rodr\u00edguez.<\/p>\n<\/blockquote>\n<p style=\"text-align: justify;\">Los familiares hacen un llamado a la Procuradur\u00eda General de la Rep\u00fablica, la Direcci\u00f3n General de Seguridad de Tr\u00e1nsito y Transporte Terrestre (DIGESETT), y dem\u00e1s autoridades judiciales, para que este caso no quede impune.<\/p>\n<blockquote>\n<p style=\"text-align: justify;\">\u201cBruno no puede ser otra estad\u00edstica. Exigimos verdad, justicia y responsabilidad,\u201d concluy\u00f3 el comunicado familiar.<\/p>\n<\/blockquote>\n<p>Fuente: Cr\u00f3nicas con Novas<\/p>\n","protected":false},"excerpt":{"rendered":"<p>Santo Domingo.- Los familiares de Bruno Alberto Mart\u00ednez Rodr\u00edguez, quien perdi\u00f3 la vida en el<\/p>\n","protected":false},"author":1,"featured_media":44094,"comment_status":"open","ping_status":"open","sticky":false,"template":"","format":"standard","meta":{"footnotes":""},"categories":[7],"tags":[],"class_list":["post-44093","post","type-post","status-publish","format-standard","has-post-thumbnail","hentry","category-nacionales"],"_links":{"self":[{"href":"https:\/\/defrentealaverdad.com\/index.php\/wp-json\/wp\/v2\/posts\/44093","targetHints":{"allow":["GET"]}}],"collection":[{"href":"https:\/\/defrentealaverdad.com\/index.php\/wp-json\/wp\/v2\/posts"}],"about":[{"href":"https:\/\/defrentealaverdad.com\/index.php\/wp-json\/wp\/v2\/types\/post"}],"author":[{"embeddable":true,"href":"https:\/\/defrentealaverdad.com\/index.php\/wp-json\/wp\/v2\/users\/1"}],"replies":[{"embeddable":true,"href":"https:\/\/defrentealaverdad.com\/index.php\/wp-json\/wp\/v2\/comments?post=44093"}],"version-history":[{"count":1,"href":"https:\/\/defrentealaverdad.com\/index.php\/wp-json\/wp\/v2\/posts\/44093\/revisions"}],"predecessor-version":[{"id":44095,"href":"https:\/\/defrentealaverdad.com\/index.php\/wp-json\/wp\/v2\/posts\/44093\/revisions\/44095"}],"wp:featuredmedia":[{"embeddable":true,"href":"https:\/\/defrentealaverdad.com\/index.php\/wp-json\/wp\/v2\/media\/44094"}],"wp:attachment":[{"href":"https:\/\/defrentealaverdad.com\/index.php\/wp-json\/wp\/v2\/media?parent=44093"}],"wp:term":[{"taxonomy":"category","embeddable":true,"href":"https:\/\/defrentealaverdad.com\/index.php\/wp-json\/wp\/v2\/categories?post=44093"},{"taxonomy":"post_tag","embeddable":true,"href":"https:\/\/defrentealaverdad.com\/index.php\/wp-json\/wp\/v2\/tags?post=44093"}],"curies":[{"name":"wp","href":"https:\/\/api.w.org\/{rel}","templated":true}]}}