{"id":44088,"date":"2025-05-04T20:23:45","date_gmt":"2025-05-04T20:23:45","guid":{"rendered":"https:\/\/defrentealaverdad.com\/?p=44088"},"modified":"2025-05-04T20:24:42","modified_gmt":"2025-05-04T20:24:42","slug":"mayra-delgado-parte-hacia-la-india-para-representar-a-republica-dominicana-en-miss-mundo-2025","status":"publish","type":"post","link":"https:\/\/defrentealaverdad.com\/index.php\/2025\/05\/04\/mayra-delgado-parte-hacia-la-india-para-representar-a-republica-dominicana-en-miss-mundo-2025\/","title":{"rendered":"Mayra Delgado parte hacia la India para representar a Rep\u00fablica Dominicana en Miss Mundo 2025"},"content":{"rendered":"<p style=\"text-align: justify;\">SANTO DOMINGO- Miss Mundo Dominicana, Mayra Delagdo parti\u00f3 este s\u00e1bado a la India con la misi\u00f3n de obtener la segunda corona para el pa\u00eds en la historia de este prestigioso certamen internacional.<\/p>\n<p style=\"text-align: justify;\">Amigos, representantes de los medios de comunicaci\u00f3n, familiares y fan\u00e1ticos se dieron cita en el Aeropuerto Internacional Las Am\u00e9ricas (AILA) para brindarle una emotiva despedida a la joven reina, quien ha demostrado un gran compromiso y pasi\u00f3n por representar a la naci\u00f3n con orgullo.<\/p>\n<blockquote>\n<p style=\"text-align: justify;\">\u00abCon el coraz\u00f3n lleno de amor por mi tierra y el alma lista para so\u00f1ar en grande, partimos a la India, un pa\u00eds lleno de historia, espiritualidad, cultura y colores que inspiran. Las maletas van cargadas de ilusi\u00f3n y prop\u00f3sito rumbo a la edici\u00f3n no. 72 del Miss World, con la firme misi\u00f3n de representar a nuestra amada Rep\u00fablica Dominicana con todo el orgullo del mundo\u201d, manifest\u00f3 la beldad dominicana.<\/p>\n<\/blockquote>\n<p style=\"text-align: justify;\">La joven, que se ha destacado por su belleza, inteligencia y carisma, ser\u00e1 la embajadora de la Rep\u00fablica Dominicana en uno de los concursos de belleza m\u00e1s importantes del mundo, y los dominicanos est\u00e1n m\u00e1s que listos para apoyarla en su esfuerzo por traer de vuelta la codiciada corona.<\/p>\n<p style=\"text-align: justify;\">Hasta el momento tan solo una dominicana ha tra\u00eddo esta corona para el pa\u00eds, la comunicadora Mariasela \u00c1lvarez gan\u00f3 este t\u00edtulo de belleza internacional en 1982, en Londres.<\/p>\n<p style=\"text-align: justify;\"><strong>Sobre Mayra Delgado<\/strong><\/p>\n<p style=\"text-align: justify;\">Es una joven empresaria y comunicadora. Actualmente se desempe\u00f1a como corresponsal de Noticias Univisi\u00f3n NY desde la Rep\u00fablica Dominicana.<\/p>\n<p style=\"text-align: justify;\">Lleva al mundo historias que inspiran y muestran lo mejor de lo nuestro. Graduada Summa Cum Laude en Direcci\u00f3n Empresarial con concentraci\u00f3n en Negocios Internacionales por UNIBE.<\/p>\n<p style=\"text-align: justify;\">Complement\u00f3 su formaci\u00f3n acad\u00e9mica con certificaciones de Harvard Business School, Barna Management School y Wilkes University.<\/p>\n<p style=\"text-align: justify;\">Mayra es fundadora y presidenta de AIP Breast Prevention &amp; Care RD, un proyecto social que desde 2021 ha impactado a m\u00e1s de 3,500 mujeres en comunidades vulnerables a trav\u00e9s de campa\u00f1as de prevenci\u00f3n del c\u00e1ncer de mama. Esta iniciativa ofrece sono mamograf\u00edas gratuitas, charlas educativas y talleres de liderazgo e inteligencia emocional, promoviendo el empoderamiento femenino, el autocuidado y el acceso a recursos de salud de calidad. M\u00e1s que salvar vidas, su misi\u00f3n es llevar esperanza, contenci\u00f3n emocional y dignidad a mujeres que atraviesan momentos dif\u00edciles.<\/p>\n<p><strong>El proyecto es reconocido por su alto impacto.\u00a0<\/strong><\/p>\n<p style=\"text-align: justify;\">Adem\u00e1s, es ganador del primer lugar en la competencia \u201cBelleza con Prop\u00f3sito\u201d del Miss Mundo Dominicana.<\/p>\n<p style=\"text-align: justify;\">Por motivo de esto, recibi\u00f3 menciones honor\u00edficas de la C\u00e1mara de Diputados de la Rep\u00fablica Dominicana, El Ministerio de la Juventud y el Consulado Dominicano en NY.<\/p>\n<p style=\"text-align: justify;\">Adem\u00e1s, lidera la fundaci\u00f3n Manos Surcadas RD desde el 2016, dedicada al Acompa\u00f1amiento y apoyo de adultos mayores en situaci\u00f3n de abandono. Estas acciones solidarias reflejan su profundo compromiso con las poblaciones m\u00e1s vulnerables de la Rep\u00fablica Dominicana.<\/p>\n<p style=\"text-align: justify;\">En el \u00e1mbito empresarial, Mayra es CEO de Premium Class Modeling Academy.\u00a0Una academia de modelaje y formaci\u00f3n integral del pa\u00eds, con m\u00e1s de 200 alumnas activas. Desde all\u00ed formar\u00e1 a la pr\u00f3xima generaci\u00f3n de modelos, profesionales y l\u00edderes bajo principios de excelencia, autoestima y prop\u00f3sito.<\/p>\n<p style=\"text-align: justify;\">Como comunicadora, es panelista en foros internacionales junto a autoridades como el Ministro de la Juventud. Tambi\u00e9n presentadora de la Cumbre de Distribuidores de SonoScape en Ciudad de M\u00e9xico y Panam\u00e1.<\/p>\n<p style=\"text-align: justify;\">Adem\u00e1s, conductora de los Premios a la Moda Dominicana en diversas categor\u00edas. Apasionada por la moda, la salud y el liderazgo femenino, Mayra Delgado encarna el verdadero significado de una mujer multifac\u00e9tica y con prop\u00f3sito.<\/p>\n<p>Su historia demuestra que la belleza no s\u00f3lo inspira, sino que transforma vidas cuando se pone al servicio de causas mayores.<\/p>\n<p>Fuente: Equipo Mayra Delgado<\/p>\n","protected":false},"excerpt":{"rendered":"<p>SANTO DOMINGO- Miss Mundo Dominicana, Mayra Delagdo parti\u00f3 este s\u00e1bado a la India con la<\/p>\n","protected":false},"author":4,"featured_media":44091,"comment_status":"open","ping_status":"open","sticky":false,"template":"","format":"standard","meta":{"footnotes":""},"categories":[252],"tags":[],"class_list":["post-44088","post","type-post","status-publish","format-standard","has-post-thumbnail","hentry","category-belleza"],"_links":{"self":[{"href":"https:\/\/defrentealaverdad.com\/index.php\/wp-json\/wp\/v2\/posts\/44088","targetHints":{"allow":["GET"]}}],"collection":[{"href":"https:\/\/defrentealaverdad.com\/index.php\/wp-json\/wp\/v2\/posts"}],"about":[{"href":"https:\/\/defrentealaverdad.com\/index.php\/wp-json\/wp\/v2\/types\/post"}],"author":[{"embeddable":true,"href":"https:\/\/defrentealaverdad.com\/index.php\/wp-json\/wp\/v2\/users\/4"}],"replies":[{"embeddable":true,"href":"https:\/\/defrentealaverdad.com\/index.php\/wp-json\/wp\/v2\/comments?post=44088"}],"version-history":[{"count":1,"href":"https:\/\/defrentealaverdad.com\/index.php\/wp-json\/wp\/v2\/posts\/44088\/revisions"}],"predecessor-version":[{"id":44092,"href":"https:\/\/defrentealaverdad.com\/index.php\/wp-json\/wp\/v2\/posts\/44088\/revisions\/44092"}],"wp:featuredmedia":[{"embeddable":true,"href":"https:\/\/defrentealaverdad.com\/index.php\/wp-json\/wp\/v2\/media\/44091"}],"wp:attachment":[{"href":"https:\/\/defrentealaverdad.com\/index.php\/wp-json\/wp\/v2\/media?parent=44088"}],"wp:term":[{"taxonomy":"category","embeddable":true,"href":"https:\/\/defrentealaverdad.com\/index.php\/wp-json\/wp\/v2\/categories?post=44088"},{"taxonomy":"post_tag","embeddable":true,"href":"https:\/\/defrentealaverdad.com\/index.php\/wp-json\/wp\/v2\/tags?post=44088"}],"curies":[{"name":"wp","href":"https:\/\/api.w.org\/{rel}","templated":true}]}}