{"id":44067,"date":"2025-05-04T01:46:20","date_gmt":"2025-05-04T01:46:20","guid":{"rendered":"https:\/\/defrentealaverdad.com\/?p=44067"},"modified":"2025-05-04T01:46:20","modified_gmt":"2025-05-04T01:46:20","slug":"abinader-da-inicio-a-cosecha-de-arroz-2025-con-proyeccion-record-y-alta-tecnologia","status":"publish","type":"post","link":"https:\/\/defrentealaverdad.com\/index.php\/2025\/05\/04\/abinader-da-inicio-a-cosecha-de-arroz-2025-con-proyeccion-record-y-alta-tecnologia\/","title":{"rendered":"Abinader da inicio a cosecha de arroz 2025 con proyecci\u00f3n r\u00e9cord y alta tecnolog\u00eda"},"content":{"rendered":"<p style=\"text-align: justify;\">El presidente de la Rep\u00fablica, Luis Abinader, encabez\u00f3 este s\u00e1bado el acto de lanzamiento oficial de la cosecha de arroz 2025 en el municipio Bonao, en la provincia Monse\u00f1or Nouel.<\/p>\n<p style=\"text-align: justify;\">La jornada tambi\u00e9n marc\u00f3 la presentaci\u00f3n de nuevas tecnolog\u00edas aplicadas al cultivo del cereal, con el potencial de transformar la productividad y rentabilidad del sector arrocero en la Rep\u00fablica Dominicana.<\/p>\n<p style=\"text-align: justify;\">En su intervenci\u00f3n central, el ministro de Agricultura, Limber Cruz, destac\u00f3 los avances en materia de producci\u00f3n agr\u00edcola durante el primer y segundo per\u00edodo de gobierno del presidente Luis Abinader.<\/p>\n<blockquote>\n<p style=\"text-align: justify;\">Cruz resalt\u00f3 que \u201cen 2024 cerramos con 11,011 quintales de semillas certificadas b\u00e1sicas, una cifra hist\u00f3rica si se compara con los 610 quintales registrados en el a\u00f1o de inicio del programa BioArroz\u201d.<\/p>\n<\/blockquote>\n<p style=\"text-align: justify;\">El ministro detall\u00f3 que, para 2025, las variedades p\u00fablicas desarrolladas con apoyo estatal ya ocupan el 54 % de la superficie sembrada a nivel nacional.<\/p>\n<blockquote>\n<p style=\"text-align: justify;\">\u201cEsto es fruto del trabajo conjunto entre los t\u00e9cnicos, los obreros agr\u00edcolas y las autoridades\u201d, afirm\u00f3.<\/p>\n<\/blockquote>\n<p style=\"text-align: justify;\">El acto, bendecido por el sacerdote Robinson Gil, reuni\u00f3 a autoridades nacionales, productores y t\u00e9cnicos agr\u00edcolas.<\/p>\n<p style=\"text-align: justify;\">Durante el evento se destac\u00f3 que la cosecha 2025 podr\u00eda convertirse en una de las m\u00e1s abundantes de la historia, superando cifras anteriores y marcando un nuevo r\u00e9cord desde sus primeras etapas.<\/p>\n<p>Fuente: El Soberano Digital<\/p>\n","protected":false},"excerpt":{"rendered":"<p>El presidente de la Rep\u00fablica, Luis Abinader, encabez\u00f3 este s\u00e1bado el acto de lanzamiento oficial<\/p>\n","protected":false},"author":1,"featured_media":44068,"comment_status":"open","ping_status":"open","sticky":false,"template":"","format":"standard","meta":{"footnotes":""},"categories":[2],"tags":[],"class_list":["post-44067","post","type-post","status-publish","format-standard","has-post-thumbnail","hentry","category-economicas"],"_links":{"self":[{"href":"https:\/\/defrentealaverdad.com\/index.php\/wp-json\/wp\/v2\/posts\/44067","targetHints":{"allow":["GET"]}}],"collection":[{"href":"https:\/\/defrentealaverdad.com\/index.php\/wp-json\/wp\/v2\/posts"}],"about":[{"href":"https:\/\/defrentealaverdad.com\/index.php\/wp-json\/wp\/v2\/types\/post"}],"author":[{"embeddable":true,"href":"https:\/\/defrentealaverdad.com\/index.php\/wp-json\/wp\/v2\/users\/1"}],"replies":[{"embeddable":true,"href":"https:\/\/defrentealaverdad.com\/index.php\/wp-json\/wp\/v2\/comments?post=44067"}],"version-history":[{"count":1,"href":"https:\/\/defrentealaverdad.com\/index.php\/wp-json\/wp\/v2\/posts\/44067\/revisions"}],"predecessor-version":[{"id":44069,"href":"https:\/\/defrentealaverdad.com\/index.php\/wp-json\/wp\/v2\/posts\/44067\/revisions\/44069"}],"wp:featuredmedia":[{"embeddable":true,"href":"https:\/\/defrentealaverdad.com\/index.php\/wp-json\/wp\/v2\/media\/44068"}],"wp:attachment":[{"href":"https:\/\/defrentealaverdad.com\/index.php\/wp-json\/wp\/v2\/media?parent=44067"}],"wp:term":[{"taxonomy":"category","embeddable":true,"href":"https:\/\/defrentealaverdad.com\/index.php\/wp-json\/wp\/v2\/categories?post=44067"},{"taxonomy":"post_tag","embeddable":true,"href":"https:\/\/defrentealaverdad.com\/index.php\/wp-json\/wp\/v2\/tags?post=44067"}],"curies":[{"name":"wp","href":"https:\/\/api.w.org\/{rel}","templated":true}]}}