{"id":44056,"date":"2025-05-04T01:18:10","date_gmt":"2025-05-04T01:18:10","guid":{"rendered":"https:\/\/defrentealaverdad.com\/?p=44056"},"modified":"2025-05-04T01:18:10","modified_gmt":"2025-05-04T01:18:10","slug":"jce-prohibe-expresamente-la-eleccion-anticipada-de-candidatos-precandidatos-y-advierte-consecuencias-legales","status":"publish","type":"post","link":"https:\/\/defrentealaverdad.com\/index.php\/2025\/05\/04\/jce-prohibe-expresamente-la-eleccion-anticipada-de-candidatos-precandidatos-y-advierte-consecuencias-legales\/","title":{"rendered":"JCE proh\u00edbe expresamente la elecci\u00f3n anticipada de candidatos, precandidatos y advierte consecuencias legales"},"content":{"rendered":"<p style=\"text-align: justify;\">La Junta Central Electoral (JCE) certific\u00f3 este 30 de abril de 2025, mediante comunicaci\u00f3n oficial remitida al abogado Yery del Jes\u00fas Castillo, en su calidad de representante legal de Eleuterio Abad Santos, que sigue vigente y con fuerza plena su Comunicado de Advertencia del 21 de febrero de este mismo a\u00f1o, en el que se establece de manera categ\u00f3rica la prohibici\u00f3n de realizar actividades proselitistas o definir precandidaturas antes de los plazos legales fijados por las leyes n\u00fam. 33-18 de Partidos y 20-23 del R\u00e9gimen Electoral.<\/p>\n<p style=\"text-align: justify;\">La referida certificaci\u00f3n fue solicitada formalmente por Eleuterio Abad Santos a trav\u00e9s de su abogado, en el marco del proceso judicial que se conoce ante el Tribunal Superior Electoral (TSE), con el objetivo de sustentar la demanda de nulidad contra las decisiones del Comit\u00e9 Pol\u00edtico del Partido de la Liberaci\u00f3n Dominicana (PLD).<\/p>\n<p style=\"text-align: justify;\">En dicha certificaci\u00f3n, la JCE reitera que cualquier consulta interna, anuncio p\u00fablico o movilizaci\u00f3n con fines electorales antes del mes de julio de 2027 constituye una violaci\u00f3n expresa de la ley. De manera espec\u00edfica, la Junta Central Electoral proh\u00edbe de forma tajante y categ\u00f3rica la elecci\u00f3n anticipada de candidatos y precandidatos a cargos de elecci\u00f3n popular, en cualquier modalidad, sea mediante consulta, proclamaci\u00f3n interna o simulaci\u00f3n de procesos partidarios, por constituir una infracci\u00f3n directa al calendario electoral y a la normativa vigente.<\/p>\n<p style=\"text-align: justify;\">Adem\u00e1s, advierte que la celebraci\u00f3n de procesos de elecci\u00f3n anticipada dentro de los partidos pol\u00edticos representa una infracci\u00f3n grave al orden legal establecido, pues desnaturaliza el calendario electoral, quebranta los principios de equidad y altera la competencia democr\u00e1tica, lo que acarrea consecuencias jur\u00eddicas irreversibles.<\/p>\n<p style=\"text-align: justify;\">El incumplimiento de estas disposiciones genera sanciones severas, entre ellas la inadmisibilidad de las candidaturas promovidas de forma anticipada, lo que implicar\u00eda su exclusi\u00f3n del proceso electoral por parte de los \u00f3rganos de administraci\u00f3n electoral.<\/p>\n<p style=\"text-align: justify;\">Con esta certificaci\u00f3n, la JCE no solo ratifica lo expresado en su comunicado de advertencia, sino que tambi\u00e9n deja claro que toda acci\u00f3n orientada a definir candidaturas fuera del calendario oficial vulnera la equidad, la transparencia y el principio de legalidad que deben regir los procesos electorales en la Rep\u00fablica Dominicana.<\/p>\n<p>&nbsp;<\/p>\n<p>Fuente: JCE<\/p>\n","protected":false},"excerpt":{"rendered":"<p>La Junta Central Electoral (JCE) certific\u00f3 este 30 de abril de 2025, mediante comunicaci\u00f3n oficial<\/p>\n","protected":false},"author":1,"featured_media":44058,"comment_status":"open","ping_status":"open","sticky":false,"template":"","format":"standard","meta":{"footnotes":""},"categories":[7],"tags":[],"class_list":["post-44056","post","type-post","status-publish","format-standard","has-post-thumbnail","hentry","category-nacionales"],"_links":{"self":[{"href":"https:\/\/defrentealaverdad.com\/index.php\/wp-json\/wp\/v2\/posts\/44056","targetHints":{"allow":["GET"]}}],"collection":[{"href":"https:\/\/defrentealaverdad.com\/index.php\/wp-json\/wp\/v2\/posts"}],"about":[{"href":"https:\/\/defrentealaverdad.com\/index.php\/wp-json\/wp\/v2\/types\/post"}],"author":[{"embeddable":true,"href":"https:\/\/defrentealaverdad.com\/index.php\/wp-json\/wp\/v2\/users\/1"}],"replies":[{"embeddable":true,"href":"https:\/\/defrentealaverdad.com\/index.php\/wp-json\/wp\/v2\/comments?post=44056"}],"version-history":[{"count":1,"href":"https:\/\/defrentealaverdad.com\/index.php\/wp-json\/wp\/v2\/posts\/44056\/revisions"}],"predecessor-version":[{"id":44059,"href":"https:\/\/defrentealaverdad.com\/index.php\/wp-json\/wp\/v2\/posts\/44056\/revisions\/44059"}],"wp:featuredmedia":[{"embeddable":true,"href":"https:\/\/defrentealaverdad.com\/index.php\/wp-json\/wp\/v2\/media\/44058"}],"wp:attachment":[{"href":"https:\/\/defrentealaverdad.com\/index.php\/wp-json\/wp\/v2\/media?parent=44056"}],"wp:term":[{"taxonomy":"category","embeddable":true,"href":"https:\/\/defrentealaverdad.com\/index.php\/wp-json\/wp\/v2\/categories?post=44056"},{"taxonomy":"post_tag","embeddable":true,"href":"https:\/\/defrentealaverdad.com\/index.php\/wp-json\/wp\/v2\/tags?post=44056"}],"curies":[{"name":"wp","href":"https:\/\/api.w.org\/{rel}","templated":true}]}}