{"id":44028,"date":"2025-05-04T08:29:03","date_gmt":"2025-05-04T08:29:03","guid":{"rendered":"https:\/\/defrentealaverdad.com\/?p=44028"},"modified":"2025-05-04T00:31:58","modified_gmt":"2025-05-04T00:31:58","slug":"marco-rubio-y-luis-abinader-tratan-sobre-combate-a-la-inmigracion-irregular","status":"publish","type":"post","link":"https:\/\/defrentealaverdad.com\/index.php\/2025\/05\/04\/marco-rubio-y-luis-abinader-tratan-sobre-combate-a-la-inmigracion-irregular\/","title":{"rendered":"Marco Rubio y Luis Abinader tratan sobre combate a la inmigraci\u00f3n irregular"},"content":{"rendered":"<blockquote>\n<p style=\"text-align: justify;\">Tambi\u00e9n reafirmaron la solidez de la relaci\u00f3n entre Estados Unidos y Rep\u00fablica Dominicana<\/p>\n<\/blockquote>\n<p style=\"text-align: justify;\">Santo Domingo.- El secretario de Estado de los Estados Unidos, Marco Rubio, y el presidente Luis Abinader sostuvieron una conversaci\u00f3n este viernes, en la que reafirmaron la solidez de la relaci\u00f3n entre ambos pa\u00edses y el compromiso compartido frente a los desaf\u00edos regionales, incluyendo el combate a la inmigraci\u00f3n ilegal.<\/p>\n<p style=\"text-align: justify;\">La informaci\u00f3n la dio a conocer la Embajada de los Estados Unidos en el pa\u00eds, en un momento de creciente atenci\u00f3n a la situaci\u00f3n migratoria en las dos naciones.<\/p>\n<p style=\"text-align: justify;\">La administraci\u00f3n del presidente Donald Trump ha recrudecido su pol\u00edtica migratoria, expulsando de Estados Unidos a 139,000 migrantes en sus primeros 100 d\u00edas de gobierno.<\/p>\n<p style=\"text-align: justify;\">Por su parte, el presidente dominicano ha dispuesto la expulsi\u00f3n semanal de hasta 10,000 ciudadanos haitianos en condici\u00f3n migratoria irregular, ha cancelado visados, cerrado el espacio a\u00e9reo con Hait\u00ed y, desde hace dos semanas, la implementaci\u00f3n de un protocolo de control migratorio para detener a extranjeros indocumentados luego de que reciban asistencia m\u00e9dica en hospitales p\u00fablicos.<\/p>\n<p style=\"text-align: justify;\"><strong>Incidencia China<\/strong><\/p>\n<p style=\"text-align: justify;\">La conversaci\u00f3n entre el funcionario estadounidense y el presidente Abinader se produce luego de que la nominada para embajadora de Estados Unidos en Rep\u00fablica Dominicana, Leah Francis Campos, revelara en la audiencia de confirmaci\u00f3n ante el Senado que uno de sus objetivos, de ser ratificada, ser\u00e1 reducir la incidencia de China en el pa\u00eds.<\/p>\n<p style=\"text-align: justify;\">Fuentes: Comunicado emitido a trav\u00e9s de sus redes sociales por la Embajada de los Estados Unidos en Rep\u00fablica Dominicana y archivos period\u00edsticos.<\/p>\n<p>&nbsp;<\/p>\n","protected":false},"excerpt":{"rendered":"<p>Tambi\u00e9n reafirmaron la solidez de la relaci\u00f3n entre Estados Unidos y Rep\u00fablica Dominicana Santo Domingo.-<\/p>\n","protected":false},"author":4,"featured_media":44029,"comment_status":"open","ping_status":"open","sticky":false,"template":"","format":"standard","meta":{"footnotes":""},"categories":[7],"tags":[],"class_list":["post-44028","post","type-post","status-publish","format-standard","has-post-thumbnail","hentry","category-nacionales"],"_links":{"self":[{"href":"https:\/\/defrentealaverdad.com\/index.php\/wp-json\/wp\/v2\/posts\/44028","targetHints":{"allow":["GET"]}}],"collection":[{"href":"https:\/\/defrentealaverdad.com\/index.php\/wp-json\/wp\/v2\/posts"}],"about":[{"href":"https:\/\/defrentealaverdad.com\/index.php\/wp-json\/wp\/v2\/types\/post"}],"author":[{"embeddable":true,"href":"https:\/\/defrentealaverdad.com\/index.php\/wp-json\/wp\/v2\/users\/4"}],"replies":[{"embeddable":true,"href":"https:\/\/defrentealaverdad.com\/index.php\/wp-json\/wp\/v2\/comments?post=44028"}],"version-history":[{"count":1,"href":"https:\/\/defrentealaverdad.com\/index.php\/wp-json\/wp\/v2\/posts\/44028\/revisions"}],"predecessor-version":[{"id":44030,"href":"https:\/\/defrentealaverdad.com\/index.php\/wp-json\/wp\/v2\/posts\/44028\/revisions\/44030"}],"wp:featuredmedia":[{"embeddable":true,"href":"https:\/\/defrentealaverdad.com\/index.php\/wp-json\/wp\/v2\/media\/44029"}],"wp:attachment":[{"href":"https:\/\/defrentealaverdad.com\/index.php\/wp-json\/wp\/v2\/media?parent=44028"}],"wp:term":[{"taxonomy":"category","embeddable":true,"href":"https:\/\/defrentealaverdad.com\/index.php\/wp-json\/wp\/v2\/categories?post=44028"},{"taxonomy":"post_tag","embeddable":true,"href":"https:\/\/defrentealaverdad.com\/index.php\/wp-json\/wp\/v2\/tags?post=44028"}],"curies":[{"name":"wp","href":"https:\/\/api.w.org\/{rel}","templated":true}]}}