{"id":4401,"date":"2023-04-18T19:00:14","date_gmt":"2023-04-18T19:00:14","guid":{"rendered":"https:\/\/defrentealaverdad.com\/?p=4401"},"modified":"2023-04-18T19:00:14","modified_gmt":"2023-04-18T19:00:14","slug":"isfodosu-entrega-al-pais-289-nuevos-profesionales-de-excelencia-de-la-educacion-en-acto-de-investidura-extraordinaria","status":"publish","type":"post","link":"https:\/\/defrentealaverdad.com\/index.php\/2023\/04\/18\/isfodosu-entrega-al-pais-289-nuevos-profesionales-de-excelencia-de-la-educacion-en-acto-de-investidura-extraordinaria\/","title":{"rendered":"ISFODOSU entrega al pa\u00eds 289 nuevos profesionales de excelencia de la Educaci\u00f3n en acto de investidura extraordinaria"},"content":{"rendered":"<p style=\"font-weight: 400; text-align: justify;\"><em>El orador invitado, viceministro de Educaci\u00f3n Oscar Amarg\u00f3s, destac\u00f3 el gran reto de los maestros de hoy d\u00eda ante el vertiginoso desarrollo las TICs y la inteligencia artificial<\/em><\/p>\n<p style=\"text-align: justify;\"><img decoding=\"async\" class=\"alignnone size-medium wp-image-4402 aligncenter lazyload\" data-src=\"https:\/\/defrentealaverdad.com\/wp-content\/uploads\/2023\/04\/4-Graduanda-de-honor-Lisbeth-Duran-da-discurso-en-representacion-de-los-recintos-300x200.jpg\" alt=\"\" width=\"300\" height=\"200\" data-srcset=\"https:\/\/defrentealaverdad.com\/wp-content\/uploads\/2023\/04\/4-Graduanda-de-honor-Lisbeth-Duran-da-discurso-en-representacion-de-los-recintos-300x200.jpg 300w, https:\/\/defrentealaverdad.com\/wp-content\/uploads\/2023\/04\/4-Graduanda-de-honor-Lisbeth-Duran-da-discurso-en-representacion-de-los-recintos-1024x682.jpg 1024w, https:\/\/defrentealaverdad.com\/wp-content\/uploads\/2023\/04\/4-Graduanda-de-honor-Lisbeth-Duran-da-discurso-en-representacion-de-los-recintos-768x512.jpg 768w, https:\/\/defrentealaverdad.com\/wp-content\/uploads\/2023\/04\/4-Graduanda-de-honor-Lisbeth-Duran-da-discurso-en-representacion-de-los-recintos.jpg 1280w\" data-sizes=\"(max-width: 300px) 100vw, 300px\" src=\"data:image\/svg+xml;base64,PHN2ZyB3aWR0aD0iMSIgaGVpZ2h0PSIxIiB4bWxucz0iaHR0cDovL3d3dy53My5vcmcvMjAwMC9zdmciPjwvc3ZnPg==\" style=\"--smush-placeholder-width: 300px; --smush-placeholder-aspect-ratio: 300\/200;\" \/><\/p>\n<p style=\"font-weight: 400; text-align: justify;\">Santo Domingo. &#8211; El Instituto Superior de Formaci\u00f3n Docente Salom\u00e9 Ure\u00f1a, ISFODOSU, realiz\u00f3 un acto de investidura extraordinaria, en la que entreg\u00f3 al pa\u00eds 289 nuevos profesionales de la Educaci\u00f3n, que culminaron sus estudios de grado y postgrado.<\/p>\n<p style=\"font-weight: 400; text-align: justify;\">El acto fue encabezado por el viceministro de Supervisi\u00f3n y Control de Calidad, Dr. Oscar Amarg\u00f3s, quien tuvo a su cargo el discurso central del acto, en representaci\u00f3n del ministro de Educaci\u00f3n, Dr. \u00c1ngel Hern\u00e1ndez; y por la rectora del ISFODOSU, Dra. Nurys del Carmen Gonz\u00e1lez.<\/p>\n<p style=\"font-weight: 400; text-align: justify;\">El viceministro Amarg\u00f3s destac\u00f3 en sus palabras el gran reto que tienen por delante los docentes del siglo XXI, que tienen que adaptarse a un mundo cada vez m\u00e1s cambiante que los estudiosos definen como la etapa de \u201cla cuarta revoluci\u00f3n industrial\u201d, donde aparece un actor no humano capaz de razonar: la inteligencia artificial, y se impone la inmediatez.<\/p>\n<p style=\"font-weight: 400; text-align: justify;\">\u201cEl mundo de hoy plantea un gran desaf\u00edo en aquellos que ejercen y ejercer\u00e1n la profesi\u00f3n docente. Ese ejercicio est\u00e1 influenciado por el uso de las TICs, la personalizaci\u00f3n del aprendizaje, la necesidad de desarrollar valores que garanticen nuestra convivencia pac\u00edfica, la preservaci\u00f3n de nuestra casa com\u00fan, y obviamente sus habilidades blandas\u201d, afirm\u00f3 Amarg\u00f3s.<\/p>\n<p style=\"font-weight: 400; text-align: justify;\">De su lado, la rectora de ISFODOSU, destac\u00f3 que la instituci\u00f3n se encuentra realizando revisi\u00f3n y actualizaci\u00f3n de su modelo educativo, con \u00e9nfasis en una formaci\u00f3n inicial centrada en la pr\u00e1ctica, ya que la pr\u00e1ctica ha sido el eje fundamental en la formaci\u00f3n de sus estudiantes.<\/p>\n<p style=\"font-weight: 400; text-align: justify;\">La Dra. Gonz\u00e1lez inform\u00f3, adem\u00e1s, que la academia se encuentra ampliando su oferta de grado, pues ya se encuentran ofreciendo la carrera en Educaci\u00f3n Art\u00edstica, en acuerdo con UNAPEC y, pr\u00f3ximamente abrir\u00e1n la licenciatura en Bibliotecolog\u00eda, en respuesta a las demandas actuales del sistema.<\/p>\n<p style=\"text-align: justify;\"><img decoding=\"async\" class=\"alignnone size-medium wp-image-4403 aligncenter lazyload\" data-src=\"https:\/\/defrentealaverdad.com\/wp-content\/uploads\/2023\/04\/6-Graduandos-de-ISFODOSU-celebran-titulos-300x200.jpg\" alt=\"\" width=\"300\" height=\"200\" data-srcset=\"https:\/\/defrentealaverdad.com\/wp-content\/uploads\/2023\/04\/6-Graduandos-de-ISFODOSU-celebran-titulos-300x200.jpg 300w, https:\/\/defrentealaverdad.com\/wp-content\/uploads\/2023\/04\/6-Graduandos-de-ISFODOSU-celebran-titulos-1024x682.jpg 1024w, https:\/\/defrentealaverdad.com\/wp-content\/uploads\/2023\/04\/6-Graduandos-de-ISFODOSU-celebran-titulos-768x512.jpg 768w, https:\/\/defrentealaverdad.com\/wp-content\/uploads\/2023\/04\/6-Graduandos-de-ISFODOSU-celebran-titulos-1536x1023.jpg 1536w, https:\/\/defrentealaverdad.com\/wp-content\/uploads\/2023\/04\/6-Graduandos-de-ISFODOSU-celebran-titulos.jpg 1600w\" data-sizes=\"(max-width: 300px) 100vw, 300px\" src=\"data:image\/svg+xml;base64,PHN2ZyB3aWR0aD0iMSIgaGVpZ2h0PSIxIiB4bWxucz0iaHR0cDovL3d3dy53My5vcmcvMjAwMC9zdmciPjwvc3ZnPg==\" style=\"--smush-placeholder-width: 300px; --smush-placeholder-aspect-ratio: 300\/200;\" \/><\/p>\n<p style=\"font-weight: 400; text-align: justify;\">Asimismo, la Rectora comparti\u00f3 los \u00a0resultados del m\u00e1s reciente estudio sobre los egresados que realiz\u00f3 la entidad, donde una mayor\u00eda de los directores de centros educativos destaca que prefiere a los graduados del ISFODOSU por encima de los de otras universidades por su excelente desempe\u00f1o y formaci\u00f3n.<\/p>\n<p style=\"font-weight: 400; text-align: justify;\">Mientras que, en representaci\u00f3n de los graduados, la joven Lisbeth Dur\u00e1n, egresada de honor del recinto del ISFODOSU en Santo Domingo, F\u00e9lix Evaristo Mej\u00eda, expuso que un docente debe abordar la ense\u00f1anza con calidad; nunca deja de estudiar, formarse, capacitarse e integrarse a las comunidades, con el fin de impactar a trav\u00e9s del aprendizaje.<\/p>\n<p style=\"font-weight: 400; text-align: justify;\">\u201cA partir de este momento nos colocamos en el campo de batalla. Nos convertimos en entes y generadores de los cambios y transformaciones que la sociedad dominicana y el sistema educativo de la naci\u00f3n tanto demandan. Es nuestro reto asumir el rol de docentes innovadores, transformadores de la pr\u00e1ctica\u201d, destac\u00f3 Dur\u00e1n.<\/p>\n<p style=\"font-weight: 400; text-align: justify;\">Adem\u00e1s del viceministro Amarg\u00f3s y la Rectora, el acto de investidura extraordinaria cont\u00f3 con la presencia de los vicerrectores nacionales del ISFODOSU, Carmen G\u00e1lvez, Andrea Paz, Milta Lora y el interino Jos\u00e9 Ernesto Jim\u00e9nez; as\u00ed como por los vicerrectores ejecutivos de sus seis recintos, Glenny B\u00f3rquez y Cristina Rivas, de los recintos de Santo Domingo; Jorge Senci\u00f3n y Mercedes Carrasco, de los recintos de San Juan de la Maguana y San Pedro de Macor\u00eds, respectivamente. Tambi\u00e9n estuvieron presentes de los recintos de Santiago y Licey Al medio, Ana Julia Suriel y Alejandrina Miol\u00e1n.<\/p>\n<p style=\"font-weight: 400; text-align: justify;\"><strong>Programas de grado y postgrado<\/strong><\/p>\n<p style=\"font-weight: 400; text-align: justify;\">Los nuevos profesionales de la educaci\u00f3n que egresan del ISFODOSU est\u00e1n formados en diferentes \u00e1mbitos como Educaci\u00f3n F\u00edsica, B\u00e1sica o Inicial; as\u00ed como Primaria Primer y Segundo Ciclo, Matem\u00e1ticas, Ciencias de la Naturaleza, Biolog\u00eda, Lengua Espa\u00f1ola y Literatura, orientadas a la Educaci\u00f3n Secundaria.<\/p>\n<p style=\"font-weight: 400; text-align: justify;\">Tambi\u00e9n se titulan en esta investidura extraordinaria egresados de los programas postgrado Magister en Lengua y Literatura, Especialidad en Educaci\u00f3n Nivel Inicial y en Educaci\u00f3n Ambiental.<\/p>\n<p style=\"font-weight: 400; text-align: justify;\">Fuente: Prensa ISFODOSU<\/p>\n","protected":false},"excerpt":{"rendered":"<p>El orador invitado, viceministro de Educaci\u00f3n Oscar Amarg\u00f3s, destac\u00f3 el gran reto de los maestros<\/p>\n","protected":false},"author":2,"featured_media":0,"comment_status":"open","ping_status":"open","sticky":false,"template":"","format":"standard","meta":{"footnotes":""},"categories":[7],"tags":[],"class_list":["post-4401","post","type-post","status-publish","format-standard","hentry","category-nacionales"],"_links":{"self":[{"href":"https:\/\/defrentealaverdad.com\/index.php\/wp-json\/wp\/v2\/posts\/4401","targetHints":{"allow":["GET"]}}],"collection":[{"href":"https:\/\/defrentealaverdad.com\/index.php\/wp-json\/wp\/v2\/posts"}],"about":[{"href":"https:\/\/defrentealaverdad.com\/index.php\/wp-json\/wp\/v2\/types\/post"}],"author":[{"embeddable":true,"href":"https:\/\/defrentealaverdad.com\/index.php\/wp-json\/wp\/v2\/users\/2"}],"replies":[{"embeddable":true,"href":"https:\/\/defrentealaverdad.com\/index.php\/wp-json\/wp\/v2\/comments?post=4401"}],"version-history":[{"count":1,"href":"https:\/\/defrentealaverdad.com\/index.php\/wp-json\/wp\/v2\/posts\/4401\/revisions"}],"predecessor-version":[{"id":4404,"href":"https:\/\/defrentealaverdad.com\/index.php\/wp-json\/wp\/v2\/posts\/4401\/revisions\/4404"}],"wp:attachment":[{"href":"https:\/\/defrentealaverdad.com\/index.php\/wp-json\/wp\/v2\/media?parent=4401"}],"wp:term":[{"taxonomy":"category","embeddable":true,"href":"https:\/\/defrentealaverdad.com\/index.php\/wp-json\/wp\/v2\/categories?post=4401"},{"taxonomy":"post_tag","embeddable":true,"href":"https:\/\/defrentealaverdad.com\/index.php\/wp-json\/wp\/v2\/tags?post=4401"}],"curies":[{"name":"wp","href":"https:\/\/api.w.org\/{rel}","templated":true}]}}