{"id":43995,"date":"2025-05-04T20:13:34","date_gmt":"2025-05-04T20:13:34","guid":{"rendered":"https:\/\/defrentealaverdad.com\/?p=43995"},"modified":"2025-05-04T20:14:56","modified_gmt":"2025-05-04T20:14:56","slug":"primer-encuentro-de-brandketing-reune-a-lideres-y-empresarios","status":"publish","type":"post","link":"https:\/\/defrentealaverdad.com\/index.php\/2025\/05\/04\/primer-encuentro-de-brandketing-reune-a-lideres-y-empresarios\/","title":{"rendered":"Primer Encuentro de Brandketing Re\u00fane a L\u00edderes y Empresarios"},"content":{"rendered":"<p style=\"text-align: justify;\">SANTO DOMINGO, R.D. \u2013 El restaurante Sarah fue el escenario de un encuentro \u00edntimo, significativo e inspirador titulado \u201cEntre Sue\u00f1os y Brindis\u201d, marcando el lanzamiento oficial de Brandketing, una innovadora plataforma creada por Patricia Dur\u00e1n Lluberes, CEO de Solucrea.<\/p>\n<p style=\"text-align: justify;\">Con esta iniciativa, Patricia Dur\u00e1n dio inicio a una serie de experiencias dise\u00f1adas para l\u00edderes de comunidades, emprendedores y creativos que buscan transformar sus ideas en marcas con prop\u00f3sito. Brandketing surge como un ecosistema que fusiona metodolog\u00edas de branding con estrategias de marketing digital, brindando acompa\u00f1amiento en la estructuraci\u00f3n, proyecci\u00f3n y crecimiento de ideas en el entorno digital.<\/p>\n<p style=\"text-align: justify;\">Durante la velada, se present\u00f3 la visi\u00f3n de Brandketing como un espacio de colaboraci\u00f3n y crecimiento, donde l\u00edderes pueden compartir recursos, herramientas y programas formativos con emprendedores que buscan gu\u00eda, inspiraci\u00f3n y acompa\u00f1amiento estrat\u00e9gico.<\/p>\n<p style=\"text-align: justify;\">El evento reuni\u00f3 a destacadas figuras del ecosistema empresarial, emprendedor y creativo, entre ellas: Reyna Acosta, Amarilys Dur\u00e1n, Daniela Hidalgo, Ely Vargas, Bernab\u00e9 Lagrule, Mari Hern\u00e1ndez, Nelsy P\u00e9rez, Bianna Pe\u00f1a, Glenis Morillo, Tania Alcal\u00e1, Aurelio Ferrer, entre otros visionarios que aportan activamente al desarrollo del emprendimiento en la Rep\u00fablica Dominicana. En su intervenci\u00f3n, Patricia Dur\u00e1n expres\u00f3:<\/p>\n<blockquote>\n<p style=\"text-align: justify;\">\u201cLos sue\u00f1os no solo se honran, se construyen. Y hacerlo requiere m\u00e1s que intenci\u00f3n: requiere comunidad. Brandketing nace para conectar l\u00edderes con so\u00f1adores, visibilizar iniciativas y asegurar que crear y crecer sea posible para todos.\u201d<\/p>\n<\/blockquote>\n<p style=\"text-align: justify;\">Como muestra de apoyo al talento local, Patricia luci\u00f3 una pieza exclusiva de la dise\u00f1adora dominicana Tania Alcal\u00e1, reafirmando su compromiso con lo hecho en casa.<\/p>\n<p style=\"text-align: justify;\">La actividad cont\u00f3 con el respaldo de aliados y patrocinadores como Imagen P\u00fablica, Jerezo Consulting, Momenti Dolci by Roe, Imago Studio y Eventing Center, quienes aportaron valor a la producci\u00f3n de este primer encuentro.<\/p>\n<p style=\"text-align: justify;\">Brandketing anunci\u00f3 que en los pr\u00f3ximos meses dar\u00e1 a conocer las fechas de sus pr\u00f3ximos eventos, as\u00ed como el lanzamiento oficial de su plataforma tecnol\u00f3gica, con el objetivo de continuar conectando, empoderando y proyectando a m\u00e1s emprendedores de la Rep\u00fablica Dominicana y Latinoam\u00e9rica.<\/p>\n<p>Fuente: W. Polanco<\/p>\n","protected":false},"excerpt":{"rendered":"<p>SANTO DOMINGO, R.D. \u2013 El restaurante Sarah fue el escenario de un encuentro \u00edntimo, significativo<\/p>\n","protected":false},"author":1,"featured_media":44084,"comment_status":"open","ping_status":"open","sticky":false,"template":"","format":"standard","meta":{"footnotes":""},"categories":[253],"tags":[],"class_list":["post-43995","post","type-post","status-publish","format-standard","has-post-thumbnail","hentry","category-emprendimiento"],"_links":{"self":[{"href":"https:\/\/defrentealaverdad.com\/index.php\/wp-json\/wp\/v2\/posts\/43995","targetHints":{"allow":["GET"]}}],"collection":[{"href":"https:\/\/defrentealaverdad.com\/index.php\/wp-json\/wp\/v2\/posts"}],"about":[{"href":"https:\/\/defrentealaverdad.com\/index.php\/wp-json\/wp\/v2\/types\/post"}],"author":[{"embeddable":true,"href":"https:\/\/defrentealaverdad.com\/index.php\/wp-json\/wp\/v2\/users\/1"}],"replies":[{"embeddable":true,"href":"https:\/\/defrentealaverdad.com\/index.php\/wp-json\/wp\/v2\/comments?post=43995"}],"version-history":[{"count":1,"href":"https:\/\/defrentealaverdad.com\/index.php\/wp-json\/wp\/v2\/posts\/43995\/revisions"}],"predecessor-version":[{"id":44082,"href":"https:\/\/defrentealaverdad.com\/index.php\/wp-json\/wp\/v2\/posts\/43995\/revisions\/44082"}],"wp:featuredmedia":[{"embeddable":true,"href":"https:\/\/defrentealaverdad.com\/index.php\/wp-json\/wp\/v2\/media\/44084"}],"wp:attachment":[{"href":"https:\/\/defrentealaverdad.com\/index.php\/wp-json\/wp\/v2\/media?parent=43995"}],"wp:term":[{"taxonomy":"category","embeddable":true,"href":"https:\/\/defrentealaverdad.com\/index.php\/wp-json\/wp\/v2\/categories?post=43995"},{"taxonomy":"post_tag","embeddable":true,"href":"https:\/\/defrentealaverdad.com\/index.php\/wp-json\/wp\/v2\/tags?post=43995"}],"curies":[{"name":"wp","href":"https:\/\/api.w.org\/{rel}","templated":true}]}}