{"id":4383,"date":"2023-04-18T15:53:03","date_gmt":"2023-04-18T15:53:03","guid":{"rendered":"https:\/\/defrentealaverdad.com\/?p=4383"},"modified":"2023-04-18T15:53:03","modified_gmt":"2023-04-18T15:53:03","slug":"mopc-rinde-cuentas-requeridas-por-ley-118-21-sobre-gastos-fondos-y-nivel-de-ejecucion-obras-bajo-el-principio-de-continuidad-de-estado","status":"publish","type":"post","link":"https:\/\/defrentealaverdad.com\/index.php\/2023\/04\/18\/mopc-rinde-cuentas-requeridas-por-ley-118-21-sobre-gastos-fondos-y-nivel-de-ejecucion-obras-bajo-el-principio-de-continuidad-de-estado\/","title":{"rendered":"MOPC rinde cuentas requeridas por Ley 118-21 sobre gastos fondos y nivel de ejecuci\u00f3n obras bajo el principio de Continuidad de Estado"},"content":{"rendered":"<div class=\"separator\"><a href=\"https:\/\/blogger.googleusercontent.com\/img\/b\/R29vZ2xl\/AVvXsEh5mXV_wjjTCYTaA4GhkBayeeQWY00k3zds8oL9n2hoZg0ec5qBVVnHupaEXGUiKYz9c235bwMMGM9GqT86jl6S6DprHPtBsy2UM5Sqg4yFvKNqmuOjk8P0CNTRdEVbPDJLUrvdTjautyVljVpg6XkTO6hpxMsAZRzhWvBJRmgRsQ-q0dfRZJVgSGnTzA\/s1032\/IMG-20230417-WA0025.jpg\"><img decoding=\"async\" data-src=\"https:\/\/blogger.googleusercontent.com\/img\/b\/R29vZ2xl\/AVvXsEh5mXV_wjjTCYTaA4GhkBayeeQWY00k3zds8oL9n2hoZg0ec5qBVVnHupaEXGUiKYz9c235bwMMGM9GqT86jl6S6DprHPtBsy2UM5Sqg4yFvKNqmuOjk8P0CNTRdEVbPDJLUrvdTjautyVljVpg6XkTO6hpxMsAZRzhWvBJRmgRsQ-q0dfRZJVgSGnTzA\/s320\/IMG-20230417-WA0025.jpg\" width=\"320\" height=\"213\" border=\"0\" data-original-height=\"688\" data-original-width=\"1032\" src=\"data:image\/svg+xml;base64,PHN2ZyB3aWR0aD0iMSIgaGVpZ2h0PSIxIiB4bWxucz0iaHR0cDovL3d3dy53My5vcmcvMjAwMC9zdmciPjwvc3ZnPg==\" class=\"lazyload\" style=\"--smush-placeholder-width: 320px; --smush-placeholder-aspect-ratio: 320\/213;\" \/><\/a><\/div>\n<p>Deligne Ascenci\u00f3n presenta informe a Contralor\u00eda General de la Rep\u00fablica, a Compras, y Contrataciones P\u00fablicas y \u00c9tica e Integridad Gubernamental<\/p>\n<p>El ministro de Obras P\u00fablicas y Comunicaciones (MOPC), ingeniero Deligne Ascenci\u00f3n, se convierte en el.primer funcionario en presentar a los organismos reguladores de de la inversi\u00f3n de los recursos del Estado, los informes requeridos por la ley 118-21 en los trabajos que se realizan en la continuaci\u00f3n y terminaci\u00f3n obras de las cuales esa instituci\u00f3n es responsable de darle continuidad.<\/p>\n<div class=\"separator\"><a href=\"https:\/\/blogger.googleusercontent.com\/img\/b\/R29vZ2xl\/AVvXsEhGk6dsk0_xnlw6z9Ej0CkRlbXN387BAInmxPkdy9ebm_z4BvLa1uRdF8sQ9iqV7IF8Hg79R-oKDLet7w9G3CKVv2qSJNjFwSJDf-eZH7hLXj3tI6eve4-TAORNWcLvmJt4na-eRBR1uGpK9Pr6Dob5fQi9Pvd4al5uEfcD-jUgeTifaX-zYS0mkR6fBg\/s1032\/IMG-20230417-WA0023.jpg\"><img decoding=\"async\" data-src=\"https:\/\/blogger.googleusercontent.com\/img\/b\/R29vZ2xl\/AVvXsEhGk6dsk0_xnlw6z9Ej0CkRlbXN387BAInmxPkdy9ebm_z4BvLa1uRdF8sQ9iqV7IF8Hg79R-oKDLet7w9G3CKVv2qSJNjFwSJDf-eZH7hLXj3tI6eve4-TAORNWcLvmJt4na-eRBR1uGpK9Pr6Dob5fQi9Pvd4al5uEfcD-jUgeTifaX-zYS0mkR6fBg\/s320\/IMG-20230417-WA0023.jpg\" width=\"320\" height=\"213\" border=\"0\" data-original-height=\"688\" data-original-width=\"1032\" src=\"data:image\/svg+xml;base64,PHN2ZyB3aWR0aD0iMSIgaGVpZ2h0PSIxIiB4bWxucz0iaHR0cDovL3d3dy53My5vcmcvMjAwMC9zdmciPjwvc3ZnPg==\" class=\"lazyload\" style=\"--smush-placeholder-width: 320px; --smush-placeholder-aspect-ratio: 320\/213;\" \/><\/a><\/div>\n<p>Entre estas est\u00e1; la autopista Duarte, construcci\u00f3n de la Circunvalaci\u00f3n de Azua, Construcci\u00f3n de la carretera tur\u00edstica La Cumbre, Santiago \u2013 Puerto Plata y Reconstrucci\u00f3n de la carretera Barahona \u2013 Enriquillo<\/p>\n<p>En un acto celebrado en la Contralor\u00eda General de la Rep\u00fablica y con la presencia de su incumbente, F\u00e9lix Santana Garc\u00eda, as\u00ed como la directora de \u00c9tica e Integridad Gubernamental, Milagros Ortiz Bosch, y Carlos Pimentel, director de Compras y Contrataciones del Estado, Ascenci\u00f3n les entreg\u00f3 un exhaustivo informe relativo al desarrollo en los trabajos que realiza el MOPC, un resumen ejecutivo del cual expuso ante la prensa.<\/p>\n<div class=\"separator\"><a href=\"https:\/\/blogger.googleusercontent.com\/img\/b\/R29vZ2xl\/AVvXsEjz4kgqywOQDjEB3R6PF0Ugy66qC7pOyyWENs4ENp6FJnYycpZkNfGxmFkOXyI-HuytRlMyaQEASrV9R7WuWzI4HTn5CYCspSChYpSWTp96MrdAY6kkGtjonSUm-jiRyDoMr7RtyP9tc5IqZF_E4NHbjG95b5uHPmRshWWcpCTDRb2mDEw94gNvzWfNdg\/s1032\/IMG-20230417-WA0026.jpg\"><img decoding=\"async\" data-src=\"https:\/\/blogger.googleusercontent.com\/img\/b\/R29vZ2xl\/AVvXsEjz4kgqywOQDjEB3R6PF0Ugy66qC7pOyyWENs4ENp6FJnYycpZkNfGxmFkOXyI-HuytRlMyaQEASrV9R7WuWzI4HTn5CYCspSChYpSWTp96MrdAY6kkGtjonSUm-jiRyDoMr7RtyP9tc5IqZF_E4NHbjG95b5uHPmRshWWcpCTDRb2mDEw94gNvzWfNdg\/s320\/IMG-20230417-WA0026.jpg\" width=\"320\" height=\"213\" border=\"0\" data-original-height=\"688\" data-original-width=\"1032\" src=\"data:image\/svg+xml;base64,PHN2ZyB3aWR0aD0iMSIgaGVpZ2h0PSIxIiB4bWxucz0iaHR0cDovL3d3dy53My5vcmcvMjAwMC9zdmciPjwvc3ZnPg==\" class=\"lazyload\" style=\"--smush-placeholder-width: 320px; --smush-placeholder-aspect-ratio: 320\/213;\" \/><\/a><\/div>\n<p>Las citadas obras, junto a centenares de escuelas, hospitales y otras obras fueron encontradas detenidas debido a que, por su naturaleza y relativa complejidad, entre otros aspectos, con el paso del tiempo generaron una demanda de recursos que de manera justificada superaba el umbral de lo establecido como adicional permisible por la ley 340-06, que no puede exceder al 25% del monto del presupuesto base.<\/p>\n<p>Atendiendo a esa situaci\u00f3n el actual gobierno present\u00f3 y fue aprobada por todas las bancadas del Congreso Nacional, la Ley 118-21 Sobre terminaci\u00f3n de obras viales, escuelas y hospitales que se encuentran suspendidas.<\/p>\n<p>En lo relativo a la Autopista Duarte, el contrato original, suscrito en el a\u00f1o 2004 con el n\u00famero 478-2004. Su reconstrucci\u00f3n s\u00f3lo se refer\u00eda a la reconstrucci\u00f3n de la calzada en un solo de sus sentidos. Sin embargo, la intervenci\u00f3n de la v\u00eda en las circunstancias de 2020 demandaba escalarla hasta otras dimensiones, dado el alto incremento de su movilidad vial en ambas direcciones.<\/p>\n<p>Es por ello que a dicho contrato se le agregaron tres adendas: la primera fue la No. 69-2019, con monto: RD$2,389,715,693.35 y un alcance de reconstrucci\u00f3n de la calzada de la Autopista Duarte, (Tramo Santiago \u2013 Santo Domingo y Santo Domingo &#8211; Santiago).<\/p>\n<p>La segunda adenda fue la n\u00famero No. 658-2021, con un Monto sin variaci\u00f3n en la Extensi\u00f3n de Vigencia.<\/p>\n<p>La tercera Adenda, la No. 312-2022 sustentada en la Ley No. 118-21, \u201csobre terminaci\u00f3n de obras viales, escuelas y hospitales que se encuentran suspendidas\u201d con un monto de RD$ RD$11,760,331,834.41. que incluye los trabajos de la intervenci\u00f3n profunda que conlleva la sustituci\u00f3n de los drenajes transversales a la v\u00eda, ampliaci\u00f3n de los puentes, integraci\u00f3n de carriles adicionales en algunos tramos que as\u00ed lo demandan, la construcci\u00f3n de retornos operacionales y cierre de retornos ilegales, adem\u00e1s, la construcci\u00f3n de puentes peatonales motorizados y pasos a desnivel elevados, y naturalmente el cumplimiento del objeto natural del contrato, o sea la reconstrucci\u00f3n de la calzada.<\/p>\n<p>El funcionario explic\u00f3 que esta vez la obra ser\u00eda ejecutada en ambos sentidos de la v\u00eda, contrario al dise\u00f1o original que contemplaba in solo sentido, considerando incluso en algunos trayectos de ella, la aplicaci\u00f3n del asfalto SUPERPAVE o PG-76 debido al alto tr\u00e1fico que se genera. Estas condiciones descritas afectan de manera muy significativa el monto de la inversi\u00f3n destinado a satisfacer las necesidades identificadas.<\/p>\n<div class=\"separator\"><a href=\"https:\/\/blogger.googleusercontent.com\/img\/b\/R29vZ2xl\/AVvXsEhsg5YMNT_IOb9a50Kv-NGws4j9nXvYAbT2uV4WtsBMkjc4HaI04Kg7mz4nw5c6QFBQjeuQFWfP0sgzBpgUJq8SCFQurfI2dfpTfYJM4-RWLiFvjvNs1Q2-yR6LGzZ86jRo4lFe5iNOk7MBdZKCiJVo1hSmO3mY62XvzAKzNLFCPQyAUrB-s1sk_8iHEA\/s1032\/IMG-20230417-WA0022.jpg\"><img decoding=\"async\" data-src=\"https:\/\/blogger.googleusercontent.com\/img\/b\/R29vZ2xl\/AVvXsEhsg5YMNT_IOb9a50Kv-NGws4j9nXvYAbT2uV4WtsBMkjc4HaI04Kg7mz4nw5c6QFBQjeuQFWfP0sgzBpgUJq8SCFQurfI2dfpTfYJM4-RWLiFvjvNs1Q2-yR6LGzZ86jRo4lFe5iNOk7MBdZKCiJVo1hSmO3mY62XvzAKzNLFCPQyAUrB-s1sk_8iHEA\/s320\/IMG-20230417-WA0022.jpg\" width=\"320\" height=\"213\" border=\"0\" data-original-height=\"688\" data-original-width=\"1032\" src=\"data:image\/svg+xml;base64,PHN2ZyB3aWR0aD0iMSIgaGVpZ2h0PSIxIiB4bWxucz0iaHR0cDovL3d3dy53My5vcmcvMjAwMC9zdmciPjwvc3ZnPg==\" class=\"lazyload\" style=\"--smush-placeholder-width: 320px; --smush-placeholder-aspect-ratio: 320\/213;\" \/><\/a><\/div>\n<p>La obra requer\u00eda ser redimensionada a su condici\u00f3n de principal v\u00eda nacional, que enlaza a 14 provincias de la regi\u00f3n m\u00e1s poblada y productiva con el resto del pa\u00eds, y transformarla en la v\u00eda segura, moderna y amplia, y con obras conexas para enlazarla con los entornos que se extienden en su extensi\u00f3n.<\/p>\n<p>La carretera Tur\u00edstica La Cumbre, Santiago-Puerto Plata, fue contratado por el Ministerio de Obras P\u00fablicas y Comunicaciones como parte de un plan de recuperaci\u00f3n de emergencia de las zonas afectadas por el paso de diversas vaguadas, ocurridas durante el mes de abril del a\u00f1o 2012, cual consigna el Decreto no. 230-12 d\/f 12.05.2012.<\/p>\n<p>Esta obra es de gran importancia para el desarrollo regional de la zona Norte y el Cibao Central, consiste en un tramo de extensi\u00f3n de v\u00eda principal de 40.5 Kms con obras conexas en caminos de aproximadamente 45.83 Kms que le sirven de enlace con zonas productivas de la regi\u00f3n norte del pa\u00eds.<\/p>\n<p>Los trabajos en la autopista Duarte incluyen adem\u00e1s de la reconstrucci\u00f3n de la calzada de la Autopista Duarte, (Tramo Santiago \u2013 Santo Domingo y Santo Domingo &#8211; Santiago). Cambio de presupuesto por concepto de aumento de volumetr\u00eda y partidas no presupuestadas con aumento de monto y extensi\u00f3n de vigencia. Incluidas: Carretera Cruce Duarte &#8211; Controba \u2013 San Francisco de Macor\u00eds, Rehabilitaci\u00f3n y Ampliaci\u00f3n entrada Santo Domingo \u2013 Moca, Retorno Operacional La Penda, Circuito de enlace Circunvalaci\u00f3n Norte con Circunvalaci\u00f3n Sur (Cienfuegos),<\/p>\n<p>Carretera Batey Bienvenido \u2013 Puente Quita Sue\u00f1o, Autopista Joaqu\u00edn Balaguer, Tramo Santiago \u2013 Navarrete, Soluci\u00f3n Punto Cr\u00edtico (Socav\u00f3n) Km. 60, Soluci\u00f3n Punto Cr\u00edtico (Socav\u00f3n) Km. 28, Rehabilitaci\u00f3n Puente sobre Rio Sonador, Av. Beisbolistas (Tramo Operaciones Especiales \u2013 Batey Quita Bienvenido), Av. Cordillera, Reconstrucci\u00f3n Accesos Circunvalaci\u00f3n Norte de Santiago, Soluci\u00f3n Drenaje Pluvial Km. 22, Acceso a las instalaciones de Remo y Canotaje de la Presa Rinc\u00f3n, Transformaci\u00f3n Km. 9 y su entorno, Construcci\u00f3n Estaci\u00f3n de Peaje Km. 32, Rehabilitaci\u00f3n Puente sobre el rio Pont\u00f3n.<\/p>\n<p>Tambi\u00e9n Soluci\u00f3n Punto Cr\u00edtico Km. 57 (Tramo Mogote), Recuperaci\u00f3n del drenaje longitudinal, Carretera de Manoguayabo, Calles del sector Palmarito, Marginal Palmarito, Retorno Operacional Yuna I y II, Retorno Operacional Loma Miranda II, Ampliaci\u00f3n tercer carril desde la estaci\u00f3n (EST) 113+500 hasta EST 135+950 (Demolici\u00f3n de canaletas, excavaci\u00f3n de material inservible y colocaci\u00f3n de estructura de pavimento), Ampliaci\u00f3n y Rehabilitaci\u00f3n Puente las 7S.<\/p>\n<p>De igual forma se realizar\u00e1 la rehabilitaci\u00f3n del Distribuidor de Jarabacoa, Ampliaci\u00f3n tercer carril (demolici\u00f3n de canaletas, excavaci\u00f3n de material inservible y colocaci\u00f3n de estructura de pavimento, Construcci\u00f3n de muros de gaviones EST 146+700, Instalaci\u00f3n de iluminaci\u00f3n de la v\u00eda, Retorno operacional de la Fortaleza Fernando Valerio, Retorno operacional La Fabril, Retorno operacional Isidro Bordas, Retorno operacional PETS.<\/p>\n<p>&nbsp;<\/p>\n<p>Fuente: Prensa MOPC<\/p>\n","protected":false},"excerpt":{"rendered":"<p>Deligne Ascenci\u00f3n presenta informe a Contralor\u00eda General de la Rep\u00fablica, a Compras, y Contrataciones P\u00fablicas<\/p>\n","protected":false},"author":1,"featured_media":0,"comment_status":"open","ping_status":"open","sticky":false,"template":"","format":"standard","meta":{"footnotes":""},"categories":[7],"tags":[],"class_list":["post-4383","post","type-post","status-publish","format-standard","hentry","category-nacionales"],"_links":{"self":[{"href":"https:\/\/defrentealaverdad.com\/index.php\/wp-json\/wp\/v2\/posts\/4383","targetHints":{"allow":["GET"]}}],"collection":[{"href":"https:\/\/defrentealaverdad.com\/index.php\/wp-json\/wp\/v2\/posts"}],"about":[{"href":"https:\/\/defrentealaverdad.com\/index.php\/wp-json\/wp\/v2\/types\/post"}],"author":[{"embeddable":true,"href":"https:\/\/defrentealaverdad.com\/index.php\/wp-json\/wp\/v2\/users\/1"}],"replies":[{"embeddable":true,"href":"https:\/\/defrentealaverdad.com\/index.php\/wp-json\/wp\/v2\/comments?post=4383"}],"version-history":[{"count":1,"href":"https:\/\/defrentealaverdad.com\/index.php\/wp-json\/wp\/v2\/posts\/4383\/revisions"}],"predecessor-version":[{"id":4384,"href":"https:\/\/defrentealaverdad.com\/index.php\/wp-json\/wp\/v2\/posts\/4383\/revisions\/4384"}],"wp:attachment":[{"href":"https:\/\/defrentealaverdad.com\/index.php\/wp-json\/wp\/v2\/media?parent=4383"}],"wp:term":[{"taxonomy":"category","embeddable":true,"href":"https:\/\/defrentealaverdad.com\/index.php\/wp-json\/wp\/v2\/categories?post=4383"},{"taxonomy":"post_tag","embeddable":true,"href":"https:\/\/defrentealaverdad.com\/index.php\/wp-json\/wp\/v2\/tags?post=4383"}],"curies":[{"name":"wp","href":"https:\/\/api.w.org\/{rel}","templated":true}]}}