{"id":4381,"date":"2023-04-18T15:52:11","date_gmt":"2023-04-18T15:52:11","guid":{"rendered":"https:\/\/defrentealaverdad.com\/?p=4381"},"modified":"2023-04-18T15:52:11","modified_gmt":"2023-04-18T15:52:11","slug":"digev-condecora-a-oficiales-retirados","status":"publish","type":"post","link":"https:\/\/defrentealaverdad.com\/index.php\/2023\/04\/18\/digev-condecora-a-oficiales-retirados\/","title":{"rendered":"DIGEV CONDECORA A OFICIALES RETIRADOS"},"content":{"rendered":"<p style=\"text-align: justify;\"><img decoding=\"async\" data-src=\"https:\/\/blogger.googleusercontent.com\/img\/b\/R29vZ2xl\/AVvXsEgAExnHNmD3-EOCV4feisV3XHDNb0EHE9sCcO2MGvYPOlHD4qws51di0SgaNzfRwvlHX8iksl1XlQnsKk-LKAwW_fI13oj9-0P3PxBEVUvpAaFPtbCyNq7x0GZtzjmd84_hxF_6z4kR_yQA8hYPOAcA6tHU7Rwmma67ieNki_rMJv6pSoOIBtYYuKL7\/w400-h266\/IMG-20230417-WA0034.jpg\" src=\"data:image\/svg+xml;base64,PHN2ZyB3aWR0aD0iMSIgaGVpZ2h0PSIxIiB4bWxucz0iaHR0cDovL3d3dy53My5vcmcvMjAwMC9zdmciPjwvc3ZnPg==\" class=\"lazyload\" \/><\/p>\n<p style=\"text-align: justify;\">La Direcci\u00f3n General de las Escuelas Vocacionales de las Fuerzas Armadas y de la Polic\u00eda Nacional (DIGEV), le otorg\u00f3 reconocimientos a autoridades militares y policiales.<\/p>\n<p style=\"text-align: justify;\"><img decoding=\"async\" data-src=\"https:\/\/blogger.googleusercontent.com\/img\/b\/R29vZ2xl\/AVvXsEghVdBcDzzzoN0jCc6tAPa7M1vWlYBKIy3lScusl0Iy3M5ebF-kKjiLaHmi6pzdpJCysu6rz1nHrcDgmwDAyaOCLBiXO9as8QqLJw70GONI1yF7Ci9Yc0nu2ib8nJSTyl6ssc90J5yrfrk2xQk-kML62b4-QRoyZQDqZazt9iOaVBXQsFOvTtbrO7Bm\/s320\/IMG-20230417-WA0042.jpg\" width=\"397\" height=\"264\" src=\"data:image\/svg+xml;base64,PHN2ZyB3aWR0aD0iMSIgaGVpZ2h0PSIxIiB4bWxucz0iaHR0cDovL3d3dy53My5vcmcvMjAwMC9zdmciPjwvc3ZnPg==\" class=\"lazyload\" style=\"--smush-placeholder-width: 397px; --smush-placeholder-aspect-ratio: 397\/264;\" \/><\/p>\n<p style=\"text-align: justify;\">En agradecimientos a la excelente labor realizada, fueron otorgados certificados y placas de reconocimientos por parte de nuestro Director General, Mayor General Juan Jos\u00e9 Ota\u00f1o Jim\u00e9nez, ERD a 11 oficiales que fueron puestos en la honrosa posici\u00f3n de retiro recientemente, quienes prestaron servicio a la Instituci\u00f3n.<\/p>\n<p style=\"text-align: justify;\"><img decoding=\"async\" data-src=\"https:\/\/blogger.googleusercontent.com\/img\/b\/R29vZ2xl\/AVvXsEifpxfMdWEm63TBCE8JdElFwIfmwu5D1L5gu46vLCOLJAKiJDZQQnnBiRlQj0XW9BtxtOe_AFedF0MS_yV2v6BaQbJS53VZo9Q_qUlhS_Ruym0N6tdLMgnvfZlWNdSFje4nepacBYDpdxB63kvs1LcKY_kD0RlcQ8lKfsiZSyEbWkbAp1EJkBJfPd6b\/s320\/IMG-20230417-WA0040.jpg\" width=\"378\" height=\"252\" src=\"data:image\/svg+xml;base64,PHN2ZyB3aWR0aD0iMSIgaGVpZ2h0PSIxIiB4bWxucz0iaHR0cDovL3d3dy53My5vcmcvMjAwMC9zdmciPjwvc3ZnPg==\" class=\"lazyload\" style=\"--smush-placeholder-width: 378px; --smush-placeholder-aspect-ratio: 378\/252;\" \/><\/p>\n<p style=\"text-align: justify;\">\n<p style=\"text-align: justify;\">\n<p style=\"text-align: justify;\">Fuente: DIGEV<\/p>\n<p style=\"text-align: justify;\">#Reconocimientos<\/p>\n<p style=\"text-align: justify;\">\n","protected":false},"excerpt":{"rendered":"<p>La Direcci\u00f3n General de las Escuelas Vocacionales de las Fuerzas Armadas y de la Polic\u00eda<\/p>\n","protected":false},"author":1,"featured_media":0,"comment_status":"open","ping_status":"open","sticky":false,"template":"","format":"standard","meta":{"footnotes":""},"categories":[7],"tags":[],"class_list":["post-4381","post","type-post","status-publish","format-standard","hentry","category-nacionales"],"_links":{"self":[{"href":"https:\/\/defrentealaverdad.com\/index.php\/wp-json\/wp\/v2\/posts\/4381","targetHints":{"allow":["GET"]}}],"collection":[{"href":"https:\/\/defrentealaverdad.com\/index.php\/wp-json\/wp\/v2\/posts"}],"about":[{"href":"https:\/\/defrentealaverdad.com\/index.php\/wp-json\/wp\/v2\/types\/post"}],"author":[{"embeddable":true,"href":"https:\/\/defrentealaverdad.com\/index.php\/wp-json\/wp\/v2\/users\/1"}],"replies":[{"embeddable":true,"href":"https:\/\/defrentealaverdad.com\/index.php\/wp-json\/wp\/v2\/comments?post=4381"}],"version-history":[{"count":1,"href":"https:\/\/defrentealaverdad.com\/index.php\/wp-json\/wp\/v2\/posts\/4381\/revisions"}],"predecessor-version":[{"id":4382,"href":"https:\/\/defrentealaverdad.com\/index.php\/wp-json\/wp\/v2\/posts\/4381\/revisions\/4382"}],"wp:attachment":[{"href":"https:\/\/defrentealaverdad.com\/index.php\/wp-json\/wp\/v2\/media?parent=4381"}],"wp:term":[{"taxonomy":"category","embeddable":true,"href":"https:\/\/defrentealaverdad.com\/index.php\/wp-json\/wp\/v2\/categories?post=4381"},{"taxonomy":"post_tag","embeddable":true,"href":"https:\/\/defrentealaverdad.com\/index.php\/wp-json\/wp\/v2\/tags?post=4381"}],"curies":[{"name":"wp","href":"https:\/\/api.w.org\/{rel}","templated":true}]}}